{"id":99783,"date":"2025-05-14T16:32:09","date_gmt":"2025-05-14T16:32:09","guid":{"rendered":"https:\/\/www.europesays.com\/fr\/99783\/"},"modified":"2025-05-14T16:32:09","modified_gmt":"2025-05-14T16:32:09","slug":"nous-ne-voulons-ni-rivaliser-avec-les-fermes-bresiliennes-ni-leur-ressembler-liberation","status":"publish","type":"post","link":"https:\/\/www.europesays.com\/fr\/99783\/","title":{"rendered":"Nous ne voulons ni rivaliser avec les fermes br\u00e9siliennes, ni leur ressembler \u2013 Lib\u00e9ration"},"content":{"rendered":"<p class=\"sc-ksZaOG ehjQrN text-element\">C\u2019\u00e9tait l\u2019une des revendications phares <a href=\"https:\/\/www.liberation.fr\/environnement\/agriculture\/colere-des-agriculteurs-la-coordination-rurale-vers-le-parlement-europeen-le-mercosur-au-menu-de-lassemblee-20241126_GPJUP6SV4JBCNLD3WYLFT3LYDI\/\" target=\"_blank\" rel=\"noopener\" title=\"https:\/\/www.liberation.fr\/environnement\/agriculture\/colere-des-agriculteurs-la-coordination-rurale-vers-le-parlement-europeen-le-mercosur-au-menu-de-lassemblee-20241126_GPJUP6SV4JBCNLD3WYLFT3LYDI\/\">des mobilisations agricoles de 2024<\/a>, dans laquelle nous \u00e9tions nombreux \u00e0 nous retrouver. <a href=\"https:\/\/www.liberation.fr\/international\/le-mercosur-et-lue-concluent-officiellement-leur-accord-de-libre-echange-20241206_LH3IEBM7UJCQ3DHVPEA7QYWG7I\/\" target=\"_blank\" rel=\"noopener\" title=\"https:\/\/www.liberation.fr\/international\/le-mercosur-et-lue-concluent-officiellement-leur-accord-de-libre-echange-20241206_LH3IEBM7UJCQ3DHVPEA7QYWG7I\/\">L\u2019accord de libre-\u00e9change entre l\u2019Union europ\u00e9enne et le Mercosur<\/a>, c\u2019est non. Parce que cet accord symbolise \u00e0 lui seul tous les d\u00e9fauts de la politique commerciale europ\u00e9enne telle qu\u2019elle est men\u00e9e aujourd\u2019hui. Avec cet accord, en m\u00eame temps qu\u2019elle pr\u00e9tend vouloir \u0153uvrer en faveur de sa souverainet\u00e9 alimentaire, l\u2019Europe ouvrirait en grand les portes de son march\u00e9 \u00e0 des c\u00e9r\u00e9ales, des viandes, du sucre produits par les champions du monde de l\u2019agro-industrie \u00e0 grand renfort de substances interdites depuis bien longtemps dans nos fermes.<\/p>\n","protected":false},"excerpt":{"rendered":"C\u2019\u00e9tait l\u2019une des revendications phares des mobilisations agricoles de 2024, dans laquelle nous \u00e9tions nombreux \u00e0 nous retrouver.&hellip;\n","protected":false},"author":2,"featured_media":99784,"comment_status":"","ping_status":"","sticky":false,"template":"","format":"standard","meta":{"footnotes":""},"categories":[1586],"tags":[11,21427,1777,674,1779,1011,27,21426,12,25,1778,364],"class_list":{"0":"post-99783","1":"post","2":"type-post","3":"status-publish","4":"format-standard","5":"has-post-thumbnail","7":"category-europe","8":"tag-actualites","9":"tag-agriculteurs-en-colere","10":"tag-eu","11":"tag-europe","12":"tag-european-union","13":"tag-fr","14":"tag-france","15":"tag-mercosur","16":"tag-news","17":"tag-republique-francaise","18":"tag-ue","19":"tag-union-europeenne"},"share_on_mastodon":{"url":"https:\/\/pubeurope.com\/@fr\/114507149804190909","error":""},"_links":{"self":[{"href":"https:\/\/www.europesays.com\/fr\/wp-json\/wp\/v2\/posts\/99783","targetHints":{"allow":["GET"]}}],"collection":[{"href":"https:\/\/www.europesays.com\/fr\/wp-json\/wp\/v2\/posts"}],"about":[{"href":"https:\/\/www.europesays.com\/fr\/wp-json\/wp\/v2\/types\/post"}],"author":[{"embeddable":true,"href":"https:\/\/www.europesays.com\/fr\/wp-json\/wp\/v2\/users\/2"}],"replies":[{"embeddable":true,"href":"https:\/\/www.europesays.com\/fr\/wp-json\/wp\/v2\/comments?post=99783"}],"version-history":[{"count":0,"href":"https:\/\/www.europesays.com\/fr\/wp-json\/wp\/v2\/posts\/99783\/revisions"}],"wp:featuredmedia":[{"embeddable":true,"href":"https:\/\/www.europesays.com\/fr\/wp-json\/wp\/v2\/media\/99784"}],"wp:attachment":[{"href":"https:\/\/www.europesays.com\/fr\/wp-json\/wp\/v2\/media?parent=99783"}],"wp:term":[{"taxonomy":"category","embeddable":true,"href":"https:\/\/www.europesays.com\/fr\/wp-json\/wp\/v2\/categories?post=99783"},{"taxonomy":"post_tag","embeddable":true,"href":"https:\/\/www.europesays.com\/fr\/wp-json\/wp\/v2\/tags?post=99783"}],"curies":[{"name":"wp","href":"https:\/\/api.w.org\/{rel}","templated":true}]}}