{"id":99793,"date":"2025-05-14T16:38:11","date_gmt":"2025-05-14T16:38:11","guid":{"rendered":"https:\/\/www.europesays.com\/fr\/99793\/"},"modified":"2025-05-14T16:38:11","modified_gmt":"2025-05-14T16:38:11","slug":"top-14-pourquoi-il-y-a-encore-une-inconnue-sur-la-programmation-des-matchs-de-la-25e-journee","status":"publish","type":"post","link":"https:\/\/www.europesays.com\/fr\/99793\/","title":{"rendered":"Top 14. Pourquoi il y a encore une inconnue sur la programmation des matchs de la 25e journ\u00e9e\u00a0?"},"content":{"rendered":"<p>            Par<br \/>\n        <strong><br \/>\n            <a href=\"https:\/\/actu.fr\/auteur\/nicolas-dendri-actu-fr\" title=\"Consulter tous les articles de Nicolas Dendri\" target=\"_blank\" rel=\"noopener\">Nicolas Dendri<\/a><br \/>\n        <\/strong><\/p>\n<p>        Publi\u00e9 le<\/p>\n<p>            14 mai 2025 \u00e0 15h19        <\/p>\n<p>La Ligue nationale de rugby (LNR) a d\u00e9voil\u00e9 ce mardi 13 mai la programmation de la 25e et avant-derni\u00e8re journ\u00e9e de <a href=\"https:\/\/actu.fr\/rugby\/top-14\" target=\"_blank\" rel=\"noopener\">Top 14<\/a>. Les matchs se d\u00e9rouleront le <strong>samedi 31 mai<\/strong> et <strong>dimanche 1er juin<\/strong>. Mais une partie de la diffusion aux horaires habituelles va \u00eatre bouscul\u00e9e par rapport \u00e0 la <strong>finale de la Ligue des champions<\/strong> de football.\u00a0<\/p>\n<p>Pas de match de Top 14 le samedi soir<\/p>\n<p class=\" wall-content\">Cette rencontre entre le <a href=\"https:\/\/actu.fr\/ile-de-france\/paris_75056\/finale-de-la-ligue-des-champions-le-match-du-psg-retransmis-sur-ecran-geant_62611411.html\" target=\"_blank\" rel=\"noopener\">Paris-Saint-Germain et l\u2019Inter Milan<\/a> qui se d\u00e9roulera \u00e0 l\u2019Allianz Arena de Munich sera diffus\u00e9e le <strong>31 mai<\/strong> \u00e0 <strong>21h<\/strong> sur Canal +. Par cons\u00e9quent, le rendez-vous traditionnel de Top 14 pr\u00e9vu le samedi soir sur la cha\u00eene crypt\u00e9e sera d\u00e9cal\u00e9 au dimanche 1er juin.\u00a0<\/p>\n<p class=\" wall-content\">En revanche, les cinq autres matchs restent cal\u00e9s aux horaires classiques du samedi avec Clermont \u2013 Stade Fran\u00e7ais \u00e0 14h30 et le multiplex \u00e0 16h30.<\/p>\n<p>La 25e journ\u00e9e de Top 14 le samedi 31 mai<\/p>\n<p>&#8211; Clermont &#8211; Stade Fran\u00e7ais \u00e0 14h30<\/p>\n<p>Multiplex \u00e0 16h30 avec : <br \/>&#8211; Castres &#8211; Bayonne<br \/>&#8211; Racing 92 &#8211; Montpellier<br \/>&#8211; Vannes &#8211; Pau<br \/>&#8211; La Rochelle &#8211; Perpignan<\/p>\n<p>Incertitude pour les deux matchs du dimanche\u00a0<\/p>\n<p class=\" wall-content\">Le d\u00e9placement de Bordeaux-B\u00e8gles \u00e0 Toulon et la r\u00e9ception de Lyon par Toulouse pour cl\u00f4turer la 25e journ\u00e9e\u00a0seront jou\u00e9s le dimanche 1er juin sur deux cr\u00e9neaux : 17h30 et 21h05. Pour le moment, la LNR et le diffuseur historique n\u2019ont pas fix\u00e9 l\u2019ordre de diffusion des deux affiches.\u00a0<\/p>\n<p class=\" wall-content\">Les parties prenantes attendent <strong>les r\u00e9sultats de la 24e journ\u00e9e<\/strong> pour d\u00e9terminer \u00ab\u00a0la rencontre qui aura le plus d\u2019enjeux\u00a0\u00bb avec une diffusion \u00e0 21h05. \u00c0 l\u2019heure actuelle, le choc entre le RCT et l\u2019UBB semble avoir une longueur d\u2019avance du fait du classement des deux clubs \u00e0 la troisi\u00e8me et deuxi\u00e8me place du Top 14.\u00a0<\/p>\n<p>Vid\u00e9os : en ce moment sur Actu<\/p>\n<p class=\" wall-content\">Suivez toute l\u2019actualit\u00e9 de vos villes et m\u00e9dias favoris en vous inscrivant \u00e0 <a href=\"https:\/\/moncompte.actu.fr\" title=\"D\u00e9couvez Mon Actu\" rel=\"nofollow noopener\" data-trk=\"{&quot;cta&quot;:{&quot;action&quot;:&quot;https:\\\/\\\/moncompte.actu.fr&quot;,&quot;category&quot;:&quot;mon compte&quot;,&quot;from&quot;:&quot;article footer&quot;,&quot;name&quot;:&quot;Mon actu&quot;,&quot;type&quot;:&quot;cta&quot;}}\" target=\"_blank\">Mon Actu<\/a>.<\/p>\n","protected":false},"excerpt":{"rendered":"Par Nicolas Dendri Publi\u00e9 le 14 mai 2025 \u00e0 15h19 La Ligue nationale de rugby (LNR) a d\u00e9voil\u00e9&hellip;\n","protected":false},"author":2,"featured_media":99794,"comment_status":"","ping_status":"","sticky":false,"template":"","format":"standard","meta":{"footnotes":""},"categories":[1416],"tags":[1011,27,3788,6717,479,1468,60,476,478,4435],"class_list":{"0":"post-99793","1":"post","2":"type-post","3":"status-publish","4":"format-standard","5":"has-post-thumbnail","7":"category-rugby","8":"tag-fr","9":"tag-france","10":"tag-pro","11":"tag-rct-rugby-club-toulonnais","12":"tag-rugby","13":"tag-rugby-football","14":"tag-sports","15":"tag-stade-toulousain","16":"tag-top-14","17":"tag-ubb-union-bordeaux-begles"},"share_on_mastodon":{"url":"https:\/\/pubeurope.com\/@fr\/114507173297452126","error":""},"_links":{"self":[{"href":"https:\/\/www.europesays.com\/fr\/wp-json\/wp\/v2\/posts\/99793","targetHints":{"allow":["GET"]}}],"collection":[{"href":"https:\/\/www.europesays.com\/fr\/wp-json\/wp\/v2\/posts"}],"about":[{"href":"https:\/\/www.europesays.com\/fr\/wp-json\/wp\/v2\/types\/post"}],"author":[{"embeddable":true,"href":"https:\/\/www.europesays.com\/fr\/wp-json\/wp\/v2\/users\/2"}],"replies":[{"embeddable":true,"href":"https:\/\/www.europesays.com\/fr\/wp-json\/wp\/v2\/comments?post=99793"}],"version-history":[{"count":0,"href":"https:\/\/www.europesays.com\/fr\/wp-json\/wp\/v2\/posts\/99793\/revisions"}],"wp:featuredmedia":[{"embeddable":true,"href":"https:\/\/www.europesays.com\/fr\/wp-json\/wp\/v2\/media\/99794"}],"wp:attachment":[{"href":"https:\/\/www.europesays.com\/fr\/wp-json\/wp\/v2\/media?parent=99793"}],"wp:term":[{"taxonomy":"category","embeddable":true,"href":"https:\/\/www.europesays.com\/fr\/wp-json\/wp\/v2\/categories?post=99793"},{"taxonomy":"post_tag","embeddable":true,"href":"https:\/\/www.europesays.com\/fr\/wp-json\/wp\/v2\/tags?post=99793"}],"curies":[{"name":"wp","href":"https:\/\/api.w.org\/{rel}","templated":true}]}}