{"id":997983,"date":"2026-06-13T17:37:31","date_gmt":"2026-06-13T17:37:31","guid":{"rendered":"https:\/\/www.europesays.com\/fr\/997983\/"},"modified":"2026-06-13T17:37:31","modified_gmt":"2026-06-13T17:37:31","slug":"n2-un-rival-des-girondins-se-renforce-massivement-avec-sept-recrues-en-une-journee","status":"publish","type":"post","link":"https:\/\/www.europesays.com\/fr\/997983\/","title":{"rendered":"N2 : un rival des Girondins se renforce massivement avec sept recrues en une journ\u00e9e"},"content":{"rendered":"<p><img decoding=\"async\" src=\"https:\/\/www.europesays.com\/fr\/wp-content\/uploads\/2025\/08\/671_54ca3d4c11a4386b3668f615df06b2f5.jpg\" alt=\"N2 : un rival des Girondins se renforce massivement avec sept recrues en une journ\u00e9e\" class=\"img-responsive mt-3\"\/><\/p>\n<p class=\"text-center mb-3\" style=\"font-size: 14px\">\u00a9 Iconsport<\/p>\n<p>      <strong>Les Herbiers acc\u00e9l\u00e8rent leur mercato avant la reprise du National 1<\/strong><\/p>\n<p style=\"text-align: justify;\">Alors que les Girondins ont annonc\u00e9 les arriv\u00e9es de Pierre Lavenant, Djibril Bangoura et Ch\u00e9rif Diallo, ainsi que les prolongations de Matthieu Villette et Guillaume Odru, leur concurrent vend\u00e9en <a href=\"https:\/\/www.webgirondins.com\/actualite-girondins-n2-granville-frappe-fort-avec-l-arrivee-d-un-buteur-aux-statistiques-impressionnantes-133532\" target=\"_blank\" rel=\"noopener nofollow\">frappe un grand coup sur le march\u00e9 des transferts<\/a> avec sept signatures d&rsquo;un seul coup, apr\u00e8s avoir d\u00e9j\u00e0 enregistr\u00e9 trois recrues quelques jours plus t\u00f4t.<\/p>\n<p style=\"text-align: justify;\">Quatre joueurs arrivent en provenance du National 1. Il s&rsquo;agit des d\u00e9fenseurs Matthieu Tahmouch (Biesheim) et Augustin Pascaud, titulaire cette saison avec Saint-Malo. En attaque, Damani Tour\u00e9 rejoint \u00e9galement les Herbiers apr\u00e8s avoir inscrit cinq buts avec Dinan-L\u00e9hon, tout comme Guillaume Yenoussi, auteur de huit r\u00e9alisations sous les couleurs du Bourges FC.<\/p>\n<p style=\"text-align: justify;\">Dans les buts, Enzo Sautereau, \u00e2g\u00e9 de 20 ans et form\u00e9 \u00e0 Angers, d\u00e9barque en provenance de la r\u00e9serve angevine (N2). Au milieu de terrain, Hugo Bretagne rejoint lui aussi le club apr\u00e8s avoir contribu\u00e9 \u00e0 la deuxi\u00e8me place de l&rsquo;AF Virois en National 2.<\/p>\n<p style=\"text-align: justify;\">Enfin, les Vend\u00e9ens misent \u00e9galement sur l&rsquo;attaquant L\u00e9o Vincent. \u00c0 22 ans, il arrive de Chemill\u00e9, pensionnaire de R\u00e9gional 2.<\/p>\n<p style=\"text-align: justify;\">La semaine pr\u00e9c\u00e9dente, les Herbiers avaient d\u00e9j\u00e0 officialis\u00e9 les signatures d&rsquo;Antoine Lepeltier, Joe-Lo\u00efc Affamah et Titouan Nihouarn.<\/p>\n<p>\u00c0 lire : <strong><a href=\"https:\/\/www.webgirondins.com\/actualite-girondins-girondins-pourquoi-l-avenir-d-adama-diop-semble-s-ecrire-loin-de-bordeaux-133538\" target=\"_blank\" rel=\"noopener nofollow\">Girondins : pourquoi l&rsquo;avenir d&rsquo;Adama Diop semble s&rsquo;\u00e9crire loin de Bordeaux ?<\/a><\/strong><\/p>\n<p style=\"text-align: justify;\">\u00c9coutez notre podcast court sur l&rsquo;actu des Girondins :<\/p>\n<p>\u00a0<\/p>\n","protected":false},"excerpt":{"rendered":"\u00a9 Iconsport Les Herbiers acc\u00e9l\u00e8rent leur mercato avant la reprise du National 1 Alors que les Girondins ont&hellip;\n","protected":false},"author":2,"featured_media":289590,"comment_status":"","ping_status":"","sticky":false,"template":"","format":"standard","meta":{"footnotes":"","_share_on_mastodon":"0"},"categories":[1410],"tags":[4612,3396,1997,3952,1446,22190,63,1011,27,11731,1987,2515,14979,3465,66349,1434,3238,12142,12880,14174,36546,97381,3242,2559,60,933],"class_list":["post-997983","post","type-post","status-publish","format-standard","has-post-thumbnail","category-football","tag-adversaire","tag-avec","tag-bordeaux","tag-coup","tag-dans","tag-estival","tag-football","tag-fr","tag-france","tag-frappe","tag-girondins","tag-grand","tag-herbiers","tag-journee","tag-massivement","tag-mercato","tag-national","tag-probable","tag-prochaine","tag-recrues","tag-renforce","tag-rival","tag-saison","tag-sept","tag-sports","tag-tres"],"share_on_mastodon":{"url":"https:\/\/pubeurope.com\/@fr\/116744019281285576","error":""},"_links":{"self":[{"href":"https:\/\/www.europesays.com\/fr\/wp-json\/wp\/v2\/posts\/997983","targetHints":{"allow":["GET"]}}],"collection":[{"href":"https:\/\/www.europesays.com\/fr\/wp-json\/wp\/v2\/posts"}],"about":[{"href":"https:\/\/www.europesays.com\/fr\/wp-json\/wp\/v2\/types\/post"}],"author":[{"embeddable":true,"href":"https:\/\/www.europesays.com\/fr\/wp-json\/wp\/v2\/users\/2"}],"replies":[{"embeddable":true,"href":"https:\/\/www.europesays.com\/fr\/wp-json\/wp\/v2\/comments?post=997983"}],"version-history":[{"count":0,"href":"https:\/\/www.europesays.com\/fr\/wp-json\/wp\/v2\/posts\/997983\/revisions"}],"wp:featuredmedia":[{"embeddable":true,"href":"https:\/\/www.europesays.com\/fr\/wp-json\/wp\/v2\/media\/289590"}],"wp:attachment":[{"href":"https:\/\/www.europesays.com\/fr\/wp-json\/wp\/v2\/media?parent=997983"}],"wp:term":[{"taxonomy":"category","embeddable":true,"href":"https:\/\/www.europesays.com\/fr\/wp-json\/wp\/v2\/categories?post=997983"},{"taxonomy":"post_tag","embeddable":true,"href":"https:\/\/www.europesays.com\/fr\/wp-json\/wp\/v2\/tags?post=997983"}],"curies":[{"name":"wp","href":"https:\/\/api.w.org\/{rel}","templated":true}]}}