{"id":99823,"date":"2025-05-14T16:54:08","date_gmt":"2025-05-14T16:54:08","guid":{"rendered":"https:\/\/www.europesays.com\/fr\/99823\/"},"modified":"2025-05-14T16:54:08","modified_gmt":"2025-05-14T16:54:08","slug":"google-change-de-logo-pour-la-premiere-fois-en-dix-ans-et-essuie-les-moqueries-des-internautes","status":"publish","type":"post","link":"https:\/\/www.europesays.com\/fr\/99823\/","title":{"rendered":"Google change de logo pour la premi\u00e8re fois en dix ans et essuie les moqueries des internautes"},"content":{"rendered":"<p>Apr\u00e8s dix ans sans l\u2019avoir modifi\u00e9, la firme am\u00e9ricaine a adouci les traits de son c\u00e9l\u00e8bre \u00abG\u00bb affich\u00e9 sur son application.<\/p>\n<p class=\"fig-paragraph\">La refonte visuelle du logo de\u00a0<a href=\"http:\/\/www.lefigaro.fr\/secteur\/high-tech\/google-presente-le-nouveau-design-d-android-16-l-une-des-plus-grosses-mises-a-jour-de-ces-dernieres-annees-20250514\" data-fig-type=\"NewsFlash\" data-gtm-custom-categorie=\"navigation\" data-gtm-custom-action=\"crossclick\" data-gtm-custom-label=\"Contextuel\" data-gtm-event=\"customEventSPE\" data-fig-domain=\"LEFIGARO\" target=\"_blank\" rel=\"noopener\">Google<\/a>\u00a0vous est peut-\u00eatre pass\u00e9e inaper\u00e7ue. Apr\u00e8s dix ans sans l\u2019avoir modifi\u00e9, la firme am\u00e9ricaine en a adouci les traits. Exit les diff\u00e9renciations entre les couleurs et place \u00e0 leur fusion. Le rouge, le jaune, le vert et le bleu se d\u00e9gradent ainsi au fur et \u00e0 mesure dans la lettre \u00abG\u00bb, plus moderne. Une identit\u00e9 qui rappelle celle de son assistant d\u2019intelligence artificielle,\u00a0<a href=\"http:\/\/www.lefigaro.fr\/secteur\/high-tech\/chatgpt-gemini-deepseek-le-chat-le-figaro-a-teste-et-compare-les-principales-ia-generatives-20250218\" data-fig-type=\"Article\" data-gtm-custom-categorie=\"navigation\" data-gtm-custom-action=\"crossclick\" data-gtm-custom-label=\"Contextuel\" data-gtm-event=\"customEventSPE\" data-fig-domain=\"LEFIGARO\" target=\"_blank\" rel=\"noopener\">Gemini<\/a>, avec un d\u00e9grad\u00e9 bleu qui tend vers le rose.<\/p>\n<p>    \u00c0 gauche, l\u2019ancien logo de Google. \u00c0 droite, sa nouvelle version.<br \/>\n                123levit &#8211; stock.adobe.com<\/p>\n<p class=\"fig-paragraph\">Si subtils soient-ils, ces changements n\u2019ont pas \u00e9chapp\u00e9 \u00e0 de nombreux internautes, qui se sont moqu\u00e9s all\u00e8grement de ces modifications pour le moins discr\u00e8tes. Des \u00abmemes\u00bb, c\u2019est-\u00e0-dire des images humoristiques, sont publi\u00e9es \u00e0 c\u00f4t\u00e9 du logo. Pour certains, \u00abGoogle joue avec nos yeux\u00bb. D\u2019autres s\u2019interrogent sur les raisons de ce changement qui pourrait pr\u00e9sager une refonte visuelle de tous les produits du groupe am\u00e9ricain.<\/p>\n<p class=\"fig-paragraph\">Pour l\u2019heure, le nouveau logo est visible uniquement sur l\u2019application Google sur les syst\u00e8mes iOS d\u2019Apple. Nul ne sait quand il arrivera sur les smartphones Android et sur le Web. Le logo principal de Google, en toutes lettres, reste, lui, inchang\u00e9.<\/p>\n","protected":false},"excerpt":{"rendered":"Apr\u00e8s dix ans sans l\u2019avoir modifi\u00e9, la firme am\u00e9ricaine a adouci les traits de son c\u00e9l\u00e8bre \u00abG\u00bb affich\u00e9&hellip;\n","protected":false},"author":2,"featured_media":99824,"comment_status":"","ping_status":"","sticky":false,"template":"","format":"standard","meta":{"footnotes":""},"categories":[7],"tags":[47,722,723,1011,27,727,726,323,142,310,655,21438,720,719,43,40,41,39,724,725,717,42,44,718,721,728],"class_list":{"0":"post-99823","1":"post","2":"type-post","3":"status-publish","4":"format-standard","5":"has-post-thumbnail","7":"category-sciences-et-technologies","8":"tag-actualite","9":"tag-blog","10":"tag-blogs","11":"tag-fr","12":"tag-france","13":"tag-gadget","14":"tag-gadgets","15":"tag-google","16":"tag-high-tech","17":"tag-internet","18":"tag-iphone","19":"tag-logo","20":"tag-multimedia","21":"tag-nouvelles-technolgies","22":"tag-science","23":"tag-science-and-technology","24":"tag-sciences","25":"tag-sciences-et-technologies","26":"tag-smartphone","27":"tag-tablette","28":"tag-technologie","29":"tag-technologies","30":"tag-technology","31":"tag-tic","32":"tag-web","33":"tag-widgets"},"share_on_mastodon":{"url":"https:\/\/pubeurope.com\/@fr\/114507236252378273","error":""},"_links":{"self":[{"href":"https:\/\/www.europesays.com\/fr\/wp-json\/wp\/v2\/posts\/99823","targetHints":{"allow":["GET"]}}],"collection":[{"href":"https:\/\/www.europesays.com\/fr\/wp-json\/wp\/v2\/posts"}],"about":[{"href":"https:\/\/www.europesays.com\/fr\/wp-json\/wp\/v2\/types\/post"}],"author":[{"embeddable":true,"href":"https:\/\/www.europesays.com\/fr\/wp-json\/wp\/v2\/users\/2"}],"replies":[{"embeddable":true,"href":"https:\/\/www.europesays.com\/fr\/wp-json\/wp\/v2\/comments?post=99823"}],"version-history":[{"count":0,"href":"https:\/\/www.europesays.com\/fr\/wp-json\/wp\/v2\/posts\/99823\/revisions"}],"wp:featuredmedia":[{"embeddable":true,"href":"https:\/\/www.europesays.com\/fr\/wp-json\/wp\/v2\/media\/99824"}],"wp:attachment":[{"href":"https:\/\/www.europesays.com\/fr\/wp-json\/wp\/v2\/media?parent=99823"}],"wp:term":[{"taxonomy":"category","embeddable":true,"href":"https:\/\/www.europesays.com\/fr\/wp-json\/wp\/v2\/categories?post=99823"},{"taxonomy":"post_tag","embeddable":true,"href":"https:\/\/www.europesays.com\/fr\/wp-json\/wp\/v2\/tags?post=99823"}],"curies":[{"name":"wp","href":"https:\/\/api.w.org\/{rel}","templated":true}]}}