{"id":99827,"date":"2025-05-14T16:56:09","date_gmt":"2025-05-14T16:56:09","guid":{"rendered":"https:\/\/www.europesays.com\/fr\/99827\/"},"modified":"2025-05-14T16:56:09","modified_gmt":"2025-05-14T16:56:09","slug":"larmee-releve-son-niveau-dalerte-en-raison-dune-menace-accrue","status":"publish","type":"post","link":"https:\/\/www.europesays.com\/fr\/99827\/","title":{"rendered":"l&rsquo;arm\u00e9e rel\u00e8ve son niveau d&rsquo;alerte en raison d\u2019une \u00abmenace accrue\u00bb"},"content":{"rendered":"<p>Le minist\u00e8re de la D\u00e9fense des Pays-Bas a annonc\u00e9 dans un communiqu\u00e9 ce mercredi le passage du niveau \u00abAlpha\u00bb \u00e0 \u00abAlpha Plus\u00bb des forces arm\u00e9es du pays, en raison de \u00abmenaces accrues\u00bb en Europe.<\/p>\n<p class=\"fig-paragraph\">Le minist\u00e8re de la D\u00e9fense n\u00e9erlandais a annonc\u00e9 que l&rsquo;arm\u00e9e a relev\u00e9 ce mercredi son niveau d&rsquo;alerte en raison d&rsquo;une \u00abmenace accrue\u00bb et de la possibilit\u00e9 d&rsquo;un sabotage pr\u00e8s des fronti\u00e8res du pays. Cela signifie que le personnel militaire doit intensifier la surveillance des personnes et des v\u00e9hicules suspects, ainsi que des\u00a0<a href=\"http:\/\/www.lefigaro.fr\/international\/les-drones-navals-ukrainiens-menacent-desormais-l-aviation-russe-20250505\" target=\"_blank\" data-fig-type=\"Article\" rel=\"noopener\" data-gtm-custom-categorie=\"navigation\" data-gtm-custom-action=\"crossclick\" data-gtm-custom-label=\"Contextuel\" data-gtm-event=\"customEventSPE\" data-fig-domain=\"LEFIGARO\">drones<\/a>, a pr\u00e9cis\u00e9 dans un communiqu\u00e9 le minist\u00e8re.<\/p>\n<p class=\"fig-paragraph\">L&rsquo;analyse de la menace par l&rsquo;agence d&rsquo;espionnage MIVD indique que \u00abd&rsquo;autres pays sont de plus en plus pr\u00eats \u00e0 s&rsquo;engager dans des activit\u00e9s de sabotage, y compris \u00e0 proximit\u00e9 de la fronti\u00e8re n\u00e9erlandaise\u00bb, a soulign\u00e9 le communiqu\u00e9. \u00abL&rsquo;augmentation est \u00e9galement li\u00e9e \u00e0 l&rsquo;accroissement des menaces en Europe. Il n&rsquo;y a actuellement aucune menace concr\u00e8te contre un site militaire\u00bb, ajoute-t-il.<\/p>\n<p class=\"fig-paragraph\">Les<a href=\"http:\/\/www.lefigaro.fr\/flash-eco\/les-pays-bas-denoncent-une-cyberattaque-menee-par-des-hackeurs-russes-20250422\" target=\"_blank\" data-fig-type=\"NewsFlash\" rel=\"noopener\" data-gtm-custom-categorie=\"navigation\" data-gtm-custom-action=\"crossclick\" data-gtm-custom-label=\"Contextuel\" data-gtm-event=\"customEventSPE\" data-fig-domain=\"LEFIGARO\">\u00a0Pays-Bas\u00a0<\/a>sont au niveau d&rsquo;alerte \u00abAlpha\u00bb depuis l&rsquo;invasion de l&rsquo;Ukraine par la Russie, mais le rel\u00e8vement de mercredi les a port\u00e9s \u00e0 \u00abAlpha Plus\u00bb, ce qui signifie \u00abmenaces accrues\u00bb en Europe. Alpha Plus est le deuxi\u00e8me niveau d&rsquo;un syst\u00e8me d&rsquo;\u00e9valuation \u00e0 six niveaux qui va jusqu&rsquo;au niveau D, ce qui signifie qu&rsquo;\u00abune attaque cibl\u00e9e est imminente ou a eu lieu\u00bb.<\/p>\n","protected":false},"excerpt":{"rendered":"Le minist\u00e8re de la D\u00e9fense des Pays-Bas a annonc\u00e9 dans un communiqu\u00e9 ce mercredi le passage du niveau&hellip;\n","protected":false},"author":2,"featured_media":99828,"comment_status":"","ping_status":"","sticky":false,"template":"","format":"standard","meta":{"footnotes":""},"categories":[5],"tags":[259,11,260,554,1011,27,14,261,12,934,262,28],"class_list":{"0":"post-99827","1":"post","2":"type-post","3":"status-publish","4":"format-standard","5":"has-post-thumbnail","7":"category-international","8":"tag-actualite-internationale","9":"tag-actualites","10":"tag-affaires-etrangeres","11":"tag-defense","12":"tag-fr","13":"tag-france","14":"tag-international","15":"tag-ministere-des-affaires-etrangeres","16":"tag-news","17":"tag-pays-bas","18":"tag-politique-etrangere","19":"tag-world"},"share_on_mastodon":{"url":"https:\/\/pubeurope.com\/@fr\/114507244083918785","error":""},"_links":{"self":[{"href":"https:\/\/www.europesays.com\/fr\/wp-json\/wp\/v2\/posts\/99827","targetHints":{"allow":["GET"]}}],"collection":[{"href":"https:\/\/www.europesays.com\/fr\/wp-json\/wp\/v2\/posts"}],"about":[{"href":"https:\/\/www.europesays.com\/fr\/wp-json\/wp\/v2\/types\/post"}],"author":[{"embeddable":true,"href":"https:\/\/www.europesays.com\/fr\/wp-json\/wp\/v2\/users\/2"}],"replies":[{"embeddable":true,"href":"https:\/\/www.europesays.com\/fr\/wp-json\/wp\/v2\/comments?post=99827"}],"version-history":[{"count":0,"href":"https:\/\/www.europesays.com\/fr\/wp-json\/wp\/v2\/posts\/99827\/revisions"}],"wp:featuredmedia":[{"embeddable":true,"href":"https:\/\/www.europesays.com\/fr\/wp-json\/wp\/v2\/media\/99828"}],"wp:attachment":[{"href":"https:\/\/www.europesays.com\/fr\/wp-json\/wp\/v2\/media?parent=99827"}],"wp:term":[{"taxonomy":"category","embeddable":true,"href":"https:\/\/www.europesays.com\/fr\/wp-json\/wp\/v2\/categories?post=99827"},{"taxonomy":"post_tag","embeddable":true,"href":"https:\/\/www.europesays.com\/fr\/wp-json\/wp\/v2\/tags?post=99827"}],"curies":[{"name":"wp","href":"https:\/\/api.w.org\/{rel}","templated":true}]}}