{"id":99829,"date":"2025-05-14T16:57:09","date_gmt":"2025-05-14T16:57:09","guid":{"rendered":"https:\/\/www.europesays.com\/fr\/99829\/"},"modified":"2025-05-14T16:57:09","modified_gmt":"2025-05-14T16:57:09","slug":"interpellation-dun-jeune-majeur-qui-menacait-dattaquer-au-couteau-des-fideles-dans-des-eglises","status":"publish","type":"post","link":"https:\/\/www.europesays.com\/fr\/99829\/","title":{"rendered":"interpellation d\u2019un jeune majeur qui mena\u00e7ait d\u2019attaquer au couteau des fid\u00e8les dans des \u00e9glises"},"content":{"rendered":"<p><strong>INFO LE FIGARO &#8211; <\/strong>Sur les r\u00e9seaux sociaux, cet individu de 19 ans mena\u00e7ait \u00e9galement de s\u2019en prendre \u00e0 d\u2019anciens camarades de classe. Il a \u00e9t\u00e9 plac\u00e9 sous contr\u00f4le judiciaire.<\/p>\n<p class=\"fig-paragraph\">Un individu de 19 ans a \u00e9t\u00e9 interpell\u00e9 mardi 13 mai au domicile de ses parents, \u00e0 Saint-Fargeau-Ponthierry (<a href=\"https:\/\/www.lefigaro.fr\/tag\/seine-et-marne\" target=\"_blank\" rel=\"noopener\" data-gtm-custom-categorie=\"navigation\" data-gtm-custom-action=\"crossclick\" data-gtm-custom-label=\"Contextuel\" data-gtm-event=\"customEventSPE\">Seine-et-Marne<\/a>), pour des menaces de mort r\u00e9it\u00e9r\u00e9es, a appris Le Figaro de source polici\u00e8re.<\/p>\n<p class=\"fig-paragraph\">Selon nos informations, ce jeune majeur mena\u00e7ait depuis d\u00e9cembre dernier, sur le r\u00e9seau social Discord, d\u2019attaquer au couteau des croyants dans deux \u00e9glises d\u2019\u00c9vry (Essonne) et d\u2019anciens camarades de classe qu\u2019il accuse de l\u2019avoir harcel\u00e9.<\/p>\n<p>Plac\u00e9 sous contr\u00f4le judiciaire<\/p>\n<p class=\"fig-paragraph\">Inconnu des services de police, il a \u00e9t\u00e9 plac\u00e9 en garde \u00e0 vue. La police judiciaire a saisi son t\u00e9l\u00e9phone portable et ses deux ordinateurs. Le psychiatre qui a examin\u00e9 le suspect a conclu \u00e0 une alt\u00e9ration de son discernement.<\/p>\n<p class=\"fig-paragraph\">\u00abIl est d\u00e9f\u00e9r\u00e9 cet apr\u00e8s-midi pour une comparution \u00e0 d\u00e9lai diff\u00e9r\u00e9, le 1er juillet, dans l\u2019attente d\u2019une v\u00e9ritable expertise psychiatrique. La qualification est menace de mort r\u00e9it\u00e9r\u00e9e\u00bb, indique au Figaro le procureur de la R\u00e9publique de Melun, Jean-Michel Bourl\u00e8s.<\/p>\n<p class=\"fig-paragraph\">Dans l\u2019attente de son proc\u00e8s, le suspect a \u00e9t\u00e9 plac\u00e9 sous contr\u00f4le judiciaire \u00abavec une obligation de soins, une obligation de pointage au commissariat, une interdiction d\u2019utiliser les r\u00e9seaux sociaux et une obligation de suivi par l\u2019association de contr\u00f4le judiciaire\u00bb, pr\u00e9cise le procureur.<\/p>\n","protected":false},"excerpt":{"rendered":"INFO LE FIGARO &#8211; Sur les r\u00e9seaux sociaux, cet individu de 19 ans mena\u00e7ait \u00e9galement de s\u2019en prendre&hellip;\n","protected":false},"author":2,"featured_media":99830,"comment_status":"","ping_status":"","sticky":false,"template":"","format":"standard","meta":{"footnotes":""},"categories":[4],"tags":[119,11,3694,14118,271,2951,12336,3695,3696,118,1011,27,2825,1253,303,12,1072,2694,25,1937,2949],"class_list":{"0":"post-99829","1":"post","2":"type-post","3":"status-publish","4":"format-standard","5":"has-post-thumbnail","7":"category-france","8":"tag-accident","9":"tag-actualites","10":"tag-affaires","11":"tag-attaque-au-couteau","12":"tag-crime","13":"tag-criminalite","14":"tag-eglise","15":"tag-enquetes","16":"tag-evenements","17":"tag-faits-divers","18":"tag-fr","19":"tag-france","20":"tag-insecurite","21":"tag-islamisme","22":"tag-justice","23":"tag-news","24":"tag-police","25":"tag-proces","26":"tag-republique-francaise","27":"tag-seine-et-marne","28":"tag-violences"},"share_on_mastodon":{"url":"https:\/\/pubeurope.com\/@fr\/114507248033846016","error":""},"_links":{"self":[{"href":"https:\/\/www.europesays.com\/fr\/wp-json\/wp\/v2\/posts\/99829","targetHints":{"allow":["GET"]}}],"collection":[{"href":"https:\/\/www.europesays.com\/fr\/wp-json\/wp\/v2\/posts"}],"about":[{"href":"https:\/\/www.europesays.com\/fr\/wp-json\/wp\/v2\/types\/post"}],"author":[{"embeddable":true,"href":"https:\/\/www.europesays.com\/fr\/wp-json\/wp\/v2\/users\/2"}],"replies":[{"embeddable":true,"href":"https:\/\/www.europesays.com\/fr\/wp-json\/wp\/v2\/comments?post=99829"}],"version-history":[{"count":0,"href":"https:\/\/www.europesays.com\/fr\/wp-json\/wp\/v2\/posts\/99829\/revisions"}],"wp:featuredmedia":[{"embeddable":true,"href":"https:\/\/www.europesays.com\/fr\/wp-json\/wp\/v2\/media\/99830"}],"wp:attachment":[{"href":"https:\/\/www.europesays.com\/fr\/wp-json\/wp\/v2\/media?parent=99829"}],"wp:term":[{"taxonomy":"category","embeddable":true,"href":"https:\/\/www.europesays.com\/fr\/wp-json\/wp\/v2\/categories?post=99829"},{"taxonomy":"post_tag","embeddable":true,"href":"https:\/\/www.europesays.com\/fr\/wp-json\/wp\/v2\/tags?post=99829"}],"curies":[{"name":"wp","href":"https:\/\/api.w.org\/{rel}","templated":true}]}}