{"id":99833,"date":"2025-05-14T16:59:20","date_gmt":"2025-05-14T16:59:20","guid":{"rendered":"https:\/\/www.europesays.com\/fr\/99833\/"},"modified":"2025-05-14T16:59:20","modified_gmt":"2025-05-14T16:59:20","slug":"saint-etienne-cette-place-devient-invivable-la-nuit-pour-les-habitants-on-ne-dort-plus","status":"publish","type":"post","link":"https:\/\/www.europesays.com\/fr\/99833\/","title":{"rendered":"Saint-Etienne. Cette place devient invivable la nuit pour les habitants : \u00ab\u00a0On ne dort plus\u00a0\u00bb"},"content":{"rendered":"<p>            Par<br \/>\n        <strong><br \/>\n            <a href=\"https:\/\/actu.fr\/auteur\/mathias-souteyrat\" title=\"Consulter tous les articles de Mathias Souteyrat\" target=\"_blank\" rel=\"noopener\">Mathias Souteyrat<\/a><br \/>\n        <\/strong><\/p>\n<p>        Publi\u00e9 le<\/p>\n<p>            14 mai 2025 \u00e0 14h36        <\/p>\n<p>Les beaux jours reviennent, il fait chaud, les fen\u00eatres sont ouvertes pour profiter de la fraicheur du soir, puis la nuit tomb\u00e9e devient enfer. Rugissements des moteurs, klaxons\u2026 Le bal des voitures roulant \u00e0 vives allures s\u2019enchaine jusqu\u2019au petit matin autour de la place Jacquard \u00e0 <a href=\"https:\/\/actu.fr\/auvergne-rhone-alpes\/saint-etienne_42218\" target=\"_blank\" rel=\"noopener\">Saint-Etienne<\/a>.<br \/>S\u2019ajoute \u00e0 \u00e7a les zonards qui crient dans la rue, parfois boost\u00e9s au protoxyde d\u2019azote (gaz hilarant), et viennent perturber la tranquillit\u00e9 des habitants.<\/p>\n<p>\u00ab\u00a0Ce n\u2019est pas la premi\u00e8re fois\u00a0\u00bb<\/p>\n<p class=\" wall-content\">C\u2019est ce qu\u2019il s\u2019est pass\u00e9 dans la nuit du vendredi 9 au samedi 10 mai 2025. \u00ab\u00a0Ce n\u2019est pas la premi\u00e8re fois, \u00e7a devient invivable. On ne dort plus\u00a0\u00bb, s\u2019insurgent des riverains qui ont voulu garder l\u2019anonymat.<\/p>\n<p>      <img   decoding=\"async\" loading=\"lazy\" src=\"https:\/\/www.europesays.com\/fr\/wp-content\/uploads\/2025\/05\/place-jacquard-2-960x576.jpg\" alt=\"Avec les beaux jours, la tranquillit\u00e9 des riverains de la place Jacquard, point de deal connu, est perturb\u00e9e \u00e0 Saint-Etienne. \" width=\"960\" height=\"576\"\/><br \/>\n    Avec les beaux jours, la tranquillit\u00e9 des riverains de la place Jacquard, point de deal connu, est perturb\u00e9e \u00e0 Saint-Etienne. (\u00a9Photo transmise \u00e0 actu.fr)<\/p>\n<p class=\" wall-content\">Des courriers ont m\u00eame \u00e9t\u00e9 envoy\u00e9s \u00e0 la mairie pour se plaindre de cette situation. Ces faits ont lieu \u00e9pisodiquement, obligeant les habitants \u00e0 faire appel aux services de police pour mettre fin \u00e0 ces incivilit\u00e9s r\u00e9p\u00e9t\u00e9es et qui durent parfois jusqu\u2019au petit matin.\u00a0<\/p>\n<p class=\" wall-content\">Invit\u00e9e \u00e0 r\u00e9agir, la municipalit\u00e9 n\u2019a pas encore r\u00e9pondu \u00e0 nos sollicitations.\u00a0<\/p>\n<p>Un gros contr\u00f4le de police le 6 mai sur la place<\/p>\n<p class=\" wall-content\">La police nous pr\u00e9cise que des op\u00e9rations sont men\u00e9es \u00ab\u00a0fr\u00e9quemment\u00a0\u00bb sur ce secteur, en lien avec la BAC (Brigade anti-criminalit\u00e9) et la BST (Brigade sp\u00e9cialis\u00e9e de terrain).<\/p>\n<p class=\" wall-content\">Par ailleurs, le 6 mai, les policiers de la Loire ont men\u00e9 une op\u00e9ration de contr\u00f4le place Jacquard :<\/p>\n<ul class=\" wall-content\">\n<li>30 v\u00e9hicules contr\u00f4l\u00e9s<\/li>\n<li>52 personnes contr\u00f4l\u00e9es<\/li>\n<li>13 verbalisations<\/li>\n<li><strong>1 v\u00e9hicule immobilis\u00e9<\/strong><\/li>\n<\/ul>\n<p class=\" wall-content\">Ce lieu est aussi connu pour \u00eatre un point de deal.<\/p>\n<p>D\u00e9j\u00e0 des tensions concernant l\u2019aire de jeux<\/p>\n<p class=\" wall-content\">En novembre 2024, l\u2019aire de jeux de la place, o\u00f9 zonent les dealeurs, cristallise les tensions \u00e0 la tomb\u00e9e de la nuit.<\/p>\n<p class=\" wall-content\">La mairie a promis plus de patrouilles de police municipale et nationale. \u00ab La rue Victor-Duchamp est concern\u00e9e par la vid\u00e9o-verbalisation, avait pr\u00e9cis\u00e9 \u00e0 l\u2019\u00e9poque Marie-Jo Perez, adjointe au maire \u00e0 la tranquillit\u00e9 publique. Les automobilistes qui sont mal gar\u00e9s re\u00e7oivent automatiquement une amende\u2009\u00bb.<\/p>\n<p class=\" wall-content\">Suivez toute l\u2019actualit\u00e9 de vos villes et m\u00e9dias favoris en vous inscrivant \u00e0 <a href=\"https:\/\/moncompte.actu.fr\" title=\"D\u00e9couvez Mon Actu\" rel=\"nofollow noopener\" data-trk=\"{&quot;cta&quot;:{&quot;action&quot;:&quot;https:\\\/\\\/moncompte.actu.fr&quot;,&quot;category&quot;:&quot;mon compte&quot;,&quot;from&quot;:&quot;article footer&quot;,&quot;name&quot;:&quot;Mon actu&quot;,&quot;type&quot;:&quot;cta&quot;}}\" target=\"_blank\">Mon Actu<\/a>.<\/p>\n","protected":false},"excerpt":{"rendered":"Par Mathias Souteyrat Publi\u00e9 le 14 mai 2025 \u00e0 14h36 Les beaux jours reviennent, il fait chaud, les&hellip;\n","protected":false},"author":2,"featured_media":99834,"comment_status":"","ping_status":"","sticky":false,"template":"","format":"standard","meta":{"footnotes":""},"categories":[9653],"tags":[1111,11,2430,1777,674,1011,27,2825,12,1072,25,4001,104],"class_list":{"0":"post-99833","1":"post","2":"type-post","3":"status-publish","4":"format-standard","5":"has-post-thumbnail","7":"category-saint-etienne","8":"tag-actu","9":"tag-actualites","10":"tag-auvergne-rhone-alpes","11":"tag-eu","12":"tag-europe","13":"tag-fr","14":"tag-france","15":"tag-insecurite","16":"tag-news","17":"tag-police","18":"tag-republique-francaise","19":"tag-saint-etienne","20":"tag-societe"},"share_on_mastodon":{"url":"https:\/\/pubeurope.com\/@fr\/114507255963966286","error":""},"_links":{"self":[{"href":"https:\/\/www.europesays.com\/fr\/wp-json\/wp\/v2\/posts\/99833","targetHints":{"allow":["GET"]}}],"collection":[{"href":"https:\/\/www.europesays.com\/fr\/wp-json\/wp\/v2\/posts"}],"about":[{"href":"https:\/\/www.europesays.com\/fr\/wp-json\/wp\/v2\/types\/post"}],"author":[{"embeddable":true,"href":"https:\/\/www.europesays.com\/fr\/wp-json\/wp\/v2\/users\/2"}],"replies":[{"embeddable":true,"href":"https:\/\/www.europesays.com\/fr\/wp-json\/wp\/v2\/comments?post=99833"}],"version-history":[{"count":0,"href":"https:\/\/www.europesays.com\/fr\/wp-json\/wp\/v2\/posts\/99833\/revisions"}],"wp:featuredmedia":[{"embeddable":true,"href":"https:\/\/www.europesays.com\/fr\/wp-json\/wp\/v2\/media\/99834"}],"wp:attachment":[{"href":"https:\/\/www.europesays.com\/fr\/wp-json\/wp\/v2\/media?parent=99833"}],"wp:term":[{"taxonomy":"category","embeddable":true,"href":"https:\/\/www.europesays.com\/fr\/wp-json\/wp\/v2\/categories?post=99833"},{"taxonomy":"post_tag","embeddable":true,"href":"https:\/\/www.europesays.com\/fr\/wp-json\/wp\/v2\/tags?post=99833"}],"curies":[{"name":"wp","href":"https:\/\/api.w.org\/{rel}","templated":true}]}}