{"id":998409,"date":"2026-06-13T22:19:29","date_gmt":"2026-06-13T22:19:29","guid":{"rendered":"https:\/\/www.europesays.com\/fr\/998409\/"},"modified":"2026-06-13T22:19:29","modified_gmt":"2026-06-13T22:19:29","slug":"top-14-des-retours-mais-pas-de-veritable-surprise-du-cote-du-stade-francais-et-de-la-rochelle-les-compos-du-second-barrage","status":"publish","type":"post","link":"https:\/\/www.europesays.com\/fr\/998409\/","title":{"rendered":"Top 14 : Des retours mais pas de v\u00e9ritable surprise du c\u00f4t\u00e9 du Stade Fran\u00e7ais et de La Rochelle&#8230; Les compos du second barrage"},"content":{"rendered":"<p>\n    Le Stade Fran\u00e7ais re\u00e7oit La Rochelle dimanche soir pour ce qui sera le second barrage offrant une place en demi-finale contre Montpellier.<\/p>\n<p class=\"fig-paragraph\">\u00c0 l\u2019exception du pilier Sergo Abramishvili, le Stade Fran\u00e7ais affiche complet pour son barrage face au Stade Rochelais dimanche, sur sa pelouse du stade Jean-Bouin (dimanche, 21h05). Le club de la capitale pourra compter sur le retour de Tanginoa Halaifonua en troisi\u00e8me ligne, o\u00f9 il sera titulaire aux c\u00f4t\u00e9s de Romain Briatte et Yoan Tanga.<\/p>\n<p class=\"fig-paragraph\">Du c\u00f4t\u00e9 de La Rochelle, il n\u2019y aura que deux changements dans le XV de d\u00e9part en comparaison de l\u2019\u00e9quipe align\u00e9e le week-end dernier, et victorieux face&#8230; au Stade Fran\u00e7ais (27-22) lors de la derni\u00e8re journ\u00e9e de la phase r\u00e9guli\u00e8re de Top 14. Apr\u00e8s avoir \u00e9t\u00e9 sur le flanc en raison d\u2019une blessure aux ischio-jambiers, Oscar Jegou retrouve sa place en troisi\u00e8me ligne de m\u00eame que l\u2019ailier anglais Jack Nowell.<\/p>\n","protected":false},"excerpt":{"rendered":"Le Stade Fran\u00e7ais re\u00e7oit La Rochelle dimanche soir pour ce qui sera le second barrage offrant une place&hellip;\n","protected":false},"author":2,"featured_media":998410,"comment_status":"","ping_status":"","sticky":false,"template":"","format":"standard","meta":{"footnotes":"","_share_on_mastodon":"0"},"categories":[1888],"tags":[1111,1928,11,1927,525,4590,1981,2313,814,1777,674,1011,27,955,12,1926,626,1925,4589,2311,25,1980,479,2259,478,2310,2312],"class_list":["post-998409","post","type-post","status-publish","format-standard","has-post-thumbnail","category-paris","tag-actu","tag-actu-paris","tag-actualites","tag-actualites-paris","tag-calendrier","tag-championnat-france","tag-classement","tag-clermont","tag-direct","tag-eu","tag-europe","tag-fr","tag-france","tag-match","tag-news","tag-news-paris","tag-paris","tag-paris-news","tag-phase-finale","tag-racing","tag-republique-francaise","tag-resultats","tag-rugby","tag-score","tag-top-14","tag-toulon","tag-toulouse"],"share_on_mastodon":{"url":"https:\/\/pubeurope.com\/@fr\/116745126731806996","error":""},"_links":{"self":[{"href":"https:\/\/www.europesays.com\/fr\/wp-json\/wp\/v2\/posts\/998409","targetHints":{"allow":["GET"]}}],"collection":[{"href":"https:\/\/www.europesays.com\/fr\/wp-json\/wp\/v2\/posts"}],"about":[{"href":"https:\/\/www.europesays.com\/fr\/wp-json\/wp\/v2\/types\/post"}],"author":[{"embeddable":true,"href":"https:\/\/www.europesays.com\/fr\/wp-json\/wp\/v2\/users\/2"}],"replies":[{"embeddable":true,"href":"https:\/\/www.europesays.com\/fr\/wp-json\/wp\/v2\/comments?post=998409"}],"version-history":[{"count":0,"href":"https:\/\/www.europesays.com\/fr\/wp-json\/wp\/v2\/posts\/998409\/revisions"}],"wp:featuredmedia":[{"embeddable":true,"href":"https:\/\/www.europesays.com\/fr\/wp-json\/wp\/v2\/media\/998410"}],"wp:attachment":[{"href":"https:\/\/www.europesays.com\/fr\/wp-json\/wp\/v2\/media?parent=998409"}],"wp:term":[{"taxonomy":"category","embeddable":true,"href":"https:\/\/www.europesays.com\/fr\/wp-json\/wp\/v2\/categories?post=998409"},{"taxonomy":"post_tag","embeddable":true,"href":"https:\/\/www.europesays.com\/fr\/wp-json\/wp\/v2\/tags?post=998409"}],"curies":[{"name":"wp","href":"https:\/\/api.w.org\/{rel}","templated":true}]}}