{"id":99850,"date":"2025-05-14T17:11:25","date_gmt":"2025-05-14T17:11:25","guid":{"rendered":"https:\/\/www.europesays.com\/fr\/99850\/"},"modified":"2025-05-14T17:11:25","modified_gmt":"2025-05-14T17:11:25","slug":"une-flambee-dinfractions-en-3h","status":"publish","type":"post","link":"https:\/\/www.europesays.com\/fr\/99850\/","title":{"rendered":"une flamb\u00e9e d&rsquo;infractions en 3h"},"content":{"rendered":"<p>            Par<br \/>\n        <strong><br \/>\n            <a href=\"https:\/\/actu.fr\/auteur\/lisa-rodrigues\" title=\"Consulter tous les articles de Lisa Rodrigues\" rel=\"nofollow noopener\" target=\"_blank\">Lisa Rodrigues<\/a><br \/>\n        <\/strong><\/p>\n<p>        Publi\u00e9 le<\/p>\n<p>            14 mai 2025 \u00e0 13h32        <\/p>\n<p>Mardi 13 mai, place Docteur L\u00e9on-Martin \u00e0 <a href=\"https:\/\/actu.fr\/auvergne-rhone-alpes\/grenoble_38185\" rel=\"nofollow noopener\" target=\"_blank\">Grenoble<\/a>, deux agents de la brigade VTT du centre-ville stoppent les utilisateurs de trottinette ou v\u00e9lo en infraction. Quasiment \u00e0 chaque fois, c\u2019est \u00e0 cause de <strong>leurs \u00e9couteurs<\/strong> ou de leur casque, viss\u00e9s sur les oreilles.<br \/>En temps normal, vous \u00e9copez de 135 euros d\u2019amende pour cela, mais pas ce jour-l\u00e0. \u00ab\u00a0On leur permet de ne pas \u00eatre verbalis\u00e9s\u00a0\u00bb, indique le commandant de police Fanch Thourault, responsable des unit\u00e9s d\u2019ordre public \u00e0 Grenoble.<\/p>\n<p>    <a href=\"https:\/\/www.google.com\/maps\/embed?pb=!1m18!1m12!1m3!1d2811.967290546201!2d5.724862876135479!3d45.18775837107076!2m3!1f0!2f0!3f0!3m2!1i1024!2i768!4f13.1!3m3!1m2!1s0x478af48c1e9a878b%3A0xd67022c197f2a467!2sPl.%20Dr%20L%C3%A9on%20Martin%2C%2038000%20Grenoble!5e0!3m2!1sfr!2sfr!4v1747215289731!5m2!1sfr!2sfr\" title=\"Ouvrie le lien\" rel=\"nofollow noopener\" target=\"_blank\">Cliquez ici pour visualiser le contenu<\/a><\/p>\n<p class=\" wall-content\">En contrepartie, ils sont dirig\u00e9s vers un stand de sensibilisation \u00e0 la s\u00e9curit\u00e9 routi\u00e8re anim\u00e9e par <a href=\"https:\/\/actu.fr\/auvergne-rhone-alpes\/grenoble_38185\/grenoble-le-directeur-de-la-police-avertit-on-va-taper-les-points-de-deal_60682116.html\" rel=\"nofollow noopener\" target=\"_blank\">la police nationale<\/a> et la pr\u00e9fecture de l\u2019Is\u00e8re.<\/p>\n<p>Les \u00e9couteurs, premier motif de verbalisation<\/p>\n<p class=\" wall-content\">C\u2019est un ballet incessant de trottinettes et de v\u00e9los qui passe devant le stand. Presque <strong>une personne sur deux<\/strong> contr\u00f4l\u00e9e ce matin-l\u00e0 est en infraction, soit 106 v\u00e9los ou trottinettes en trois heures.\u00a0<\/p>\n<p class=\" wall-content\">Les \u00e9couteurs restent \u00ab\u00a0le c\u0153ur du probl\u00e8me\u00a0\u00bb et la principale cause de verbalisation des deux roues \u00e0 Grenoble, en particulier <a href=\"https:\/\/actu.fr\/auvergne-rhone-alpes\/seyssinet-pariset_38485\/grenoble-le-gang-des-trottinettes-arrete-qui-se-cache-derriere_57404383.html\" rel=\"nofollow noopener\" target=\"_blank\">pour les trottinettes<\/a> dont l\u2019utilisation a fortement augment\u00e9 ces derni\u00e8res ann\u00e9es.<\/p>\n<p>      <img   decoding=\"async\" loading=\"lazy\" src=\"https:\/\/www.europesays.com\/fr\/wp-content\/uploads\/2025\/05\/trottinette-electrique-et-velo-controle-police-960x640.jpg\" alt=\"Op\u00e9ration pr\u00e9vention aupr\u00e8s des cyclistes et trottinettes pour la police de Grenoble, mardi 13 mai, face au nombre d'infractions constat\u00e9es.\" width=\"960\" height=\"640\"\/><br \/>\n    Op\u00e9ration pr\u00e9vention aupr\u00e8s des cyclistes et trottinettes pour la police de Grenoble, mardi 13 mai, face au nombre d\u2019infractions constat\u00e9es. (\u00a9Lisa Rodrigues \/ actu Grenoble)<\/p>\n<p class=\" wall-content\">Il n\u2019y a pas de profil type de contrevenants. \u00ab\u00a0C\u2019est tout le monde, insiste le commandant de police. On va avoir des jeunes de 15 ans, des gens de 60 ans o\u00f9 des personnes qui vont au travail. Beaucoup sont surpris qu\u2019on leur dise qu\u2019ils ne peuvent pas les utiliser pour \u00e9couter de la musique ou t\u00e9l\u00e9phoner en faisant du v\u00e9lo ou de la trottinette.\u00a0\u00bb<\/p>\n<p>\u00ab\u00a0Un probl\u00e8me de partage de la route\u00a0\u00bb<\/p>\n<p class=\" wall-content\">D\u2019autres infractions sont r\u00e9guli\u00e8rement constat\u00e9es, comme la circulation sur trottoir, le non-respect de la signalisation ou la pr\u00e9sence de deux personnes sur la trottinette. Des faits qui sont punis <strong>d\u2019une amende de 11 \u00e0 135 euros<\/strong>.<\/p>\n<p class=\" wall-content\">Car les deux roues aussi sont soumis au code de la route. \u00ab\u00a0Globalement, il y a un probl\u00e8me de partage de la route depuis le d\u00e9veloppement de ces engins motoris\u00e9s, remarque le commandant de police Fanch Thourault. Pour une partie des utilisateurs, on a un manque de respect des r\u00e8gles de conduite traditionnelles.\u00a0\u00bb<\/p>\n<p>      <img   decoding=\"async\" loading=\"lazy\" src=\"https:\/\/www.europesays.com\/fr\/wp-content\/uploads\/2025\/05\/controle-velo-ville-960x640.jpg\" alt=\"Op\u00e9ration pr\u00e9vention aupr\u00e8s des cyclistes et trottinettes pour la police de Grenoble, mardi 13 mai, face au nombre d'infractions constat\u00e9es.\" width=\"960\" height=\"640\"\/><br \/>\n    Op\u00e9ration pr\u00e9vention aupr\u00e8s des cyclistes et trottinettes pour la police de Grenoble, mardi 13 mai, face au nombre d\u2019infractions constat\u00e9es. (\u00a9Lisa Rodrigues \/ actu Grenoble)Des risques d\u2019accident<\/p>\n<p class=\" wall-content\">De quoi <strong>augmenter les risques d\u2019accident<\/strong> de la route, m\u00eame s\u2019ils ne seraient \u00ab\u00a0pas en augmentation sur la ville de Grenoble\u00a0\u00bb, selon la police nationale. En ville, seul l\u2019\u00e9clairage de sa trottinette et de son v\u00e9lo est obligatoire. Le casque est \u00ab\u00a0fortement conseille\u00a0\u00bb.<\/p>\n<p class=\" wall-content\">Si la plupart des accidents impliquant des deux roues recens\u00e9s par les forces de l\u2019ordre sont \u00ab\u00a0sans gros traumas\u00a0\u00bb, les <strong>collisions graves<\/strong> restent possibles. Quelques heures apr\u00e8s cette action de pr\u00e9vention, un homme \u00e0 trottinette a <a href=\"https:\/\/actu.fr\/auvergne-rhone-alpes\/grenoble_38185\/grenoble-un-terrible-accident-survient-sur-cette-avenue-un-homme-entre-la-vie-et-la-mort_62630825.html\" rel=\"nofollow noopener\" target=\"_blank\">violemment percut\u00e9<\/a> une voiture \u00e0 Grenoble. Son pronostic vital est engag\u00e9.<\/p>\n<p class=\" wall-content\">Suivez toute l\u2019actualit\u00e9 de vos villes et m\u00e9dias favoris en vous inscrivant \u00e0 <a href=\"https:\/\/moncompte.actu.fr\" title=\"D\u00e9couvez Mon Actu\" rel=\"nofollow noopener\" data-trk=\"{&quot;cta&quot;:{&quot;action&quot;:&quot;https:\\\/\\\/moncompte.actu.fr&quot;,&quot;category&quot;:&quot;mon compte&quot;,&quot;from&quot;:&quot;article footer&quot;,&quot;name&quot;:&quot;Mon actu&quot;,&quot;type&quot;:&quot;cta&quot;}}\" target=\"_blank\">Mon Actu<\/a>.<\/p>\n","protected":false},"excerpt":{"rendered":"Par Lisa Rodrigues Publi\u00e9 le 14 mai 2025 \u00e0 13h32 Mardi 13 mai, place Docteur L\u00e9on-Martin \u00e0 Grenoble,&hellip;\n","protected":false},"author":2,"featured_media":99851,"comment_status":"","ping_status":"","sticky":false,"template":"","format":"standard","meta":{"footnotes":""},"categories":[9566],"tags":[1111,11,2430,1777,674,1011,27,2731,12,1072,25,104,6960,208],"class_list":{"0":"post-99850","1":"post","2":"type-post","3":"status-publish","4":"format-standard","5":"has-post-thumbnail","7":"category-grenoble","8":"tag-actu","9":"tag-actualites","10":"tag-auvergne-rhone-alpes","11":"tag-eu","12":"tag-europe","13":"tag-fr","14":"tag-france","15":"tag-grenoble","16":"tag-news","17":"tag-police","18":"tag-republique-francaise","19":"tag-societe","20":"tag-trottinette-electrique","21":"tag-velo"},"share_on_mastodon":{"url":"https:\/\/pubeurope.com\/@fr\/114507303058421846","error":""},"_links":{"self":[{"href":"https:\/\/www.europesays.com\/fr\/wp-json\/wp\/v2\/posts\/99850","targetHints":{"allow":["GET"]}}],"collection":[{"href":"https:\/\/www.europesays.com\/fr\/wp-json\/wp\/v2\/posts"}],"about":[{"href":"https:\/\/www.europesays.com\/fr\/wp-json\/wp\/v2\/types\/post"}],"author":[{"embeddable":true,"href":"https:\/\/www.europesays.com\/fr\/wp-json\/wp\/v2\/users\/2"}],"replies":[{"embeddable":true,"href":"https:\/\/www.europesays.com\/fr\/wp-json\/wp\/v2\/comments?post=99850"}],"version-history":[{"count":0,"href":"https:\/\/www.europesays.com\/fr\/wp-json\/wp\/v2\/posts\/99850\/revisions"}],"wp:featuredmedia":[{"embeddable":true,"href":"https:\/\/www.europesays.com\/fr\/wp-json\/wp\/v2\/media\/99851"}],"wp:attachment":[{"href":"https:\/\/www.europesays.com\/fr\/wp-json\/wp\/v2\/media?parent=99850"}],"wp:term":[{"taxonomy":"category","embeddable":true,"href":"https:\/\/www.europesays.com\/fr\/wp-json\/wp\/v2\/categories?post=99850"},{"taxonomy":"post_tag","embeddable":true,"href":"https:\/\/www.europesays.com\/fr\/wp-json\/wp\/v2\/tags?post=99850"}],"curies":[{"name":"wp","href":"https:\/\/api.w.org\/{rel}","templated":true}]}}