{"id":998556,"date":"2026-06-14T00:17:22","date_gmt":"2026-06-14T00:17:22","guid":{"rendered":"https:\/\/www.europesays.com\/fr\/998556\/"},"modified":"2026-06-14T00:17:22","modified_gmt":"2026-06-14T00:17:22","slug":"un-mas-provencal-4-robes-de-createurs-louane-devoile-quelques-photos-de-son-mariage","status":"publish","type":"post","link":"https:\/\/www.europesays.com\/fr\/998556\/","title":{"rendered":"Un Mas proven\u00e7al, 4 robes de cr\u00e9ateurs\u2026 Louane d\u00e9voile quelques photos de son mariage"},"content":{"rendered":"<p> \u00abAccanto a te\u00a0\u00bb peut-on lire sur une \u00e9tiquette interne, c\u00f4t\u00e9 c\u0153ur, de la veste du mari\u00e9 Florian Rossi. Soit \u00ab\u00a0\u00e0 c\u00f4t\u00e9 de toi\u00a0\u00bb en Italien. Une jolie marque d\u2019amour pour celui qui <a href=\"https:\/\/www.20minutes.fr\/arts-stars\/people\/4224043-20260518-louane-florian-rossi-maries-pertuis-luberon\" target=\"_blank\" class=\"c-link c-link--is-underlined\" rel=\"nofollow noopener\">a \u00e9pous\u00e9 Louane<\/a> le mois dernier.<\/p>\n<p>C\u2019est sur Instagram que la chanteuse a d\u00e9voil\u00e9 quelques clich\u00e9s de ce moment intime. L\u2019occasion d\u2019en savoir un peu plus sur les d\u00e9tails de la c\u00e9r\u00e9monie. Ce ne sont pas moins de quatre robes, dont deux sign\u00e9s Miu Miu, que l\u2019on peut apercevoir sur les photos. Toutes ont en commun de d\u00e9voiler avec \u00e9l\u00e9gance les tatouages de Louane ainsi que son go\u00fbt pour les jeux de transparence et les drap\u00e9s.<\/p>\n<p class=\"mb-m@xs text-l@xs\">En cliquant sur\u00ab J\u2019accepte \u00bb, vous acceptez le d\u00e9p\u00f4t de cookies par des services externes et aurez ainsi acc\u00e8s aux contenus de nos partenaires.<\/p>\n<p class=\"mb-xl@xs text-s@xs\">Plus d\u2019informations sur la page<a href=\"https:\/\/www.20minutes.fr\/gestion-cookies\" class=\"mx-xxs@xs color-ultramarine\" rel=\"nofollow noopener\" target=\"_blank\">Politique de gestion des cookies<\/a><\/p>\n<p>J\u2019accepte<\/p>\n<p>L\u2019occasion aussi d\u2019imaginer le lieu sublime dans lequel les mari\u00e9s se sont dit \u00ab\u00a0Oui\u00a0\u00bb, \u00e0 savoir le Ch\u00e2teau de Fonscolombe, un h\u00f4tel Relais et Ch\u00e2teau 5 \u00e9toiles situ\u00e9 \u00e0 proximit\u00e9 d\u2019<a href=\"https:\/\/www.20minutes.fr\/dossier\/aix-provence\" class=\"c-link c-link--is-underlined\" rel=\"nofollow noopener\" target=\"_blank\">Aix-en-Provence<\/a>. Sur les photos partag\u00e9es par la chanteuse, on peut y voir une magnifique chambre XVIII avec son lit \u00e0 baldaquin, ainsi que le bar ou encore un piano, ainsi que l\u2019int\u00e9rieur de la chapelle du domaine.<\/p>\n<p>Les commentaires sur la publication sont tous plein de messages de f\u00e9licitations de fans anonymes mais aussi de c\u00e9l\u00e9brit\u00e9s comme la <a href=\"https:\/\/www.20minutes.fr\/tempo\/4228331-20260611-pense-peut-etre-heureux-seulement-si-sent-totalement-libre-ebony-revient-premier-album\" target=\"_blank\" class=\"c-link c-link--is-underlined\" rel=\"nofollow noopener\">chanteuse Ebony<\/a> qui n\u2019a qu\u2019un mot, \u00ab\u00a0magnifique\u00a0\u00bb, ou <a href=\"https:\/\/www.20minutes.fr\/arts-stars\/culture\/musique\/4144254-20250320-pris-conscience-pouvais-completement-faire-videos-youtube-chanter-confie-styleto\" target=\"_blank\" class=\"c-link c-link--is-underlined\" rel=\"nofollow noopener\">Styleto<\/a>, qui \u00e9tait vraisemblablement de la partie avec un \u00ab\u00a0On peut y retourner\u00a0???\u00a0\u00bb.<\/p>\n","protected":false},"excerpt":{"rendered":"\u00abAccanto a te\u00a0\u00bb peut-on lire sur une \u00e9tiquette interne, c\u00f4t\u00e9 c\u0153ur, de la veste du mari\u00e9 Florian Rossi.&hellip;\n","protected":false},"author":2,"featured_media":998557,"comment_status":"","ping_status":"","sticky":false,"template":"","format":"standard","meta":{"footnotes":"","_share_on_mastodon":"0"},"categories":[8],"tags":[7404,885,58,59,1011,27,4501,1930,883,973,882],"class_list":["post-998556","post","type-post","status-publish","format-standard","has-post-thumbnail","category-divertissement","tag-aix-en-provence","tag-bouches-du-rhone","tag-divertissement","tag-entertainment","tag-fr","tag-france","tag-louane","tag-mariage","tag-paca","tag-people","tag-provence-alpes-cote-dazur"],"share_on_mastodon":{"url":"","error":""},"_links":{"self":[{"href":"https:\/\/www.europesays.com\/fr\/wp-json\/wp\/v2\/posts\/998556","targetHints":{"allow":["GET"]}}],"collection":[{"href":"https:\/\/www.europesays.com\/fr\/wp-json\/wp\/v2\/posts"}],"about":[{"href":"https:\/\/www.europesays.com\/fr\/wp-json\/wp\/v2\/types\/post"}],"author":[{"embeddable":true,"href":"https:\/\/www.europesays.com\/fr\/wp-json\/wp\/v2\/users\/2"}],"replies":[{"embeddable":true,"href":"https:\/\/www.europesays.com\/fr\/wp-json\/wp\/v2\/comments?post=998556"}],"version-history":[{"count":0,"href":"https:\/\/www.europesays.com\/fr\/wp-json\/wp\/v2\/posts\/998556\/revisions"}],"wp:featuredmedia":[{"embeddable":true,"href":"https:\/\/www.europesays.com\/fr\/wp-json\/wp\/v2\/media\/998557"}],"wp:attachment":[{"href":"https:\/\/www.europesays.com\/fr\/wp-json\/wp\/v2\/media?parent=998556"}],"wp:term":[{"taxonomy":"category","embeddable":true,"href":"https:\/\/www.europesays.com\/fr\/wp-json\/wp\/v2\/categories?post=998556"},{"taxonomy":"post_tag","embeddable":true,"href":"https:\/\/www.europesays.com\/fr\/wp-json\/wp\/v2\/tags?post=998556"}],"curies":[{"name":"wp","href":"https:\/\/api.w.org\/{rel}","templated":true}]}}