{"id":99867,"date":"2025-05-14T17:20:18","date_gmt":"2025-05-14T17:20:18","guid":{"rendered":"https:\/\/www.europesays.com\/fr\/99867\/"},"modified":"2025-05-14T17:20:18","modified_gmt":"2025-05-14T17:20:18","slug":"un-policier-mis-en-examen-pour-viol-et-agression-sexuelle-sur-un-garcon-de-8-ans-2","status":"publish","type":"post","link":"https:\/\/www.europesays.com\/fr\/99867\/","title":{"rendered":"Un policier mis en examen pour viol et agression sexuelle sur un gar\u00e7on de 8 ans"},"content":{"rendered":"<p><strong>VIOLENCES SEXUELLES &#8211; Un policier nantais d\u2019une quarantaine d\u2019ann\u00e9es est accus\u00e9 de viol et agression sexuelle sur un gar\u00e7on de 8 ans, un ami de son fils<\/strong><\/p>\n<p>Ses coll\u00e8gues <a href=\"https:\/\/www.20minutes.fr\/dossier\/police_judiciaire?at_medium=RSS%20feed&amp;at_campaign=ynews&amp;utm_source=yahoo&amp;utm_medium=rss&amp;utm_campaign=news_feed&amp;utm_content=in_article_link\" rel=\"nofollow noopener\" target=\"_blank\" data-ylk=\"slk:de la police judiciaire;elm:context_link;itc:0;sec:content-canvas\" class=\"link \">de la police judiciaire<\/a> ont appris la nouvelle via un mail transmis par la gendarmerie. D\u00e9but mai, un policier nantais d\u2019une quarantaine d\u2019ann\u00e9es a \u00e9t\u00e9 interpell\u00e9 et mis en examen pour viol et agression sexuelle sur un gar\u00e7on de 8 ans, rapporte Ouest-France. Selon le quotidien, la jeune victime est un copain du fils du policier dont il a seul la garde. Il aurait signal\u00e9 les faits il y a quelques jours. A l\u2019issue de sa garde \u00e0 vue, le suspect a \u00e9t\u00e9 plac\u00e9 en d\u00e9tention provisoire loin de Nantes et plac\u00e9 \u00e0 l\u2019isolement le plus complet pour des raisons de s\u00e9curit\u00e9.<\/p>\n<p>Le quotidien pr\u00e9cise que <a href=\"https:\/\/www.20minutes.fr\/dossier\/policier?at_medium=RSS%20feed&amp;at_campaign=ynews&amp;utm_source=yahoo&amp;utm_medium=rss&amp;utm_campaign=news_feed&amp;utm_content=in_article_link\" rel=\"nofollow noopener\" target=\"_blank\" data-ylk=\"slk:le policier;elm:context_link;itc:0;sec:content-canvas\" class=\"link \">le policier<\/a> a travaill\u00e9 par le pass\u00e9 au sein de la brigade de protection de la famille, charg\u00e9e de lutter contre les violences commises dans la cellule familiale. Il aurait \u00e9galement r\u00e9cemment demand\u00e9 son transfert pour rejoindre la brigade <a href=\"https:\/\/www.20minutes.fr\/dossier\/mineur?at_medium=RSS%20feed&amp;at_campaign=ynews&amp;utm_source=yahoo&amp;utm_medium=rss&amp;utm_campaign=news_feed&amp;utm_content=in_article_link\" rel=\"nofollow noopener\" target=\"_blank\" data-ylk=\"slk:des mineurs;elm:context_link;itc:0;sec:content-canvas\" class=\"link \">des mineurs<\/a>. Une demande refus\u00e9e selon Ouest-France en raison notamment d\u2019une sanction interne, une coll\u00e8gue ayant d\u00e9nonc\u00e9 des gestes ind\u00e9licats de sa part.<\/p>\n<p><a href=\"https:\/\/www.20minutes.fr\/faits_divers\/4153526-20250514-nantes-policier-mis-examen-viol-agression-sexuelle-garcon-8-ans?at_medium=RSS%20feed&amp;at_campaign=ynews&amp;utm_source=yahoo&amp;utm_medium=rss&amp;utm_campaign=news_feed&amp;utm_content=read_more_link\" rel=\"nofollow noopener\" target=\"_blank\" data-ylk=\"slk:Lire la suite sur 20minutes;elm:context_link;itc:0;sec:content-canvas\" class=\"link \">Lire la suite sur 20minutes<\/a><\/p>\n<p>\u00c0 lire aussi :<br \/><a href=\"https:\/\/www.20minutes.fr\/faits_divers\/faits-divers-marseille\/4152942-20250512-marseille-evaporation-400-kg-cocaine-policiers-sous-verrous-operation-tourne-fiasco?at_medium=RSS%20feed&amp;at_campaign=ynews&amp;utm_source=yahoo&amp;utm_medium=rss&amp;utm_campaign=news_feed&amp;utm_content=related_content_link\" rel=\"nofollow noopener\" target=\"_blank\" data-ylk=\"slk:Marseille : Evaporation de 400 kg de coca\u00efne et policiers sous les verrous, l\u2019op\u00e9ration tourne au fiasco;elm:context_link;itc:0;sec:content-canvas\" class=\"link \">Marseille : Evaporation de 400 kg de coca\u00efne et policiers sous les verrous, l\u2019op\u00e9ration tourne au fiasco<\/a><br \/><a href=\"https:\/\/www.20minutes.fr\/faits_divers\/faits-divers-nice\/4152453-20250508-nice-policier-suicide-arme-service?at_medium=RSS%20feed&amp;at_campaign=ynews&amp;utm_source=yahoo&amp;utm_medium=rss&amp;utm_campaign=news_feed&amp;utm_content=related_content_link\" rel=\"nofollow noopener\" target=\"_blank\" data-ylk=\"slk:Nice : Un policier se suicide avec son arme de service;elm:context_link;itc:0;sec:content-canvas\" class=\"link \">Nice : Un policier se suicide avec son arme de service<\/a><\/p>\n","protected":false},"excerpt":{"rendered":"VIOLENCES SEXUELLES &#8211; Un policier nantais d\u2019une quarantaine d\u2019ann\u00e9es est accus\u00e9 de viol et agression sexuelle sur un&hellip;\n","protected":false},"author":2,"featured_media":99868,"comment_status":"","ping_status":"","sticky":false,"template":"","format":"standard","meta":{"footnotes":""},"categories":[2818],"tags":[1111,11,1267,1777,674,1011,27,766,12,7418,2636,10910,21442,25,1265,799],"class_list":{"0":"post-99867","1":"post","2":"type-post","3":"status-publish","4":"format-standard","5":"has-post-thumbnail","7":"category-nantes","8":"tag-actu","9":"tag-actualites","10":"tag-agression-sexuelle","11":"tag-eu","12":"tag-europe","13":"tag-fr","14":"tag-france","15":"tag-nantes","16":"tag-news","17":"tag-ouest-france","18":"tag-pays-de-la-loire","19":"tag-policier","20":"tag-protection-de-la-famille","21":"tag-republique-francaise","22":"tag-viol","23":"tag-violences-sexuelles"},"share_on_mastodon":{"url":"https:\/\/pubeurope.com\/@fr\/114507338526669637","error":""},"_links":{"self":[{"href":"https:\/\/www.europesays.com\/fr\/wp-json\/wp\/v2\/posts\/99867","targetHints":{"allow":["GET"]}}],"collection":[{"href":"https:\/\/www.europesays.com\/fr\/wp-json\/wp\/v2\/posts"}],"about":[{"href":"https:\/\/www.europesays.com\/fr\/wp-json\/wp\/v2\/types\/post"}],"author":[{"embeddable":true,"href":"https:\/\/www.europesays.com\/fr\/wp-json\/wp\/v2\/users\/2"}],"replies":[{"embeddable":true,"href":"https:\/\/www.europesays.com\/fr\/wp-json\/wp\/v2\/comments?post=99867"}],"version-history":[{"count":0,"href":"https:\/\/www.europesays.com\/fr\/wp-json\/wp\/v2\/posts\/99867\/revisions"}],"wp:featuredmedia":[{"embeddable":true,"href":"https:\/\/www.europesays.com\/fr\/wp-json\/wp\/v2\/media\/99868"}],"wp:attachment":[{"href":"https:\/\/www.europesays.com\/fr\/wp-json\/wp\/v2\/media?parent=99867"}],"wp:term":[{"taxonomy":"category","embeddable":true,"href":"https:\/\/www.europesays.com\/fr\/wp-json\/wp\/v2\/categories?post=99867"},{"taxonomy":"post_tag","embeddable":true,"href":"https:\/\/www.europesays.com\/fr\/wp-json\/wp\/v2\/tags?post=99867"}],"curies":[{"name":"wp","href":"https:\/\/api.w.org\/{rel}","templated":true}]}}