{"id":998841,"date":"2026-06-14T03:55:35","date_gmt":"2026-06-14T03:55:35","guid":{"rendered":"https:\/\/www.europesays.com\/fr\/998841\/"},"modified":"2026-06-14T03:55:35","modified_gmt":"2026-06-14T03:55:35","slug":"atp-halle-zverev-deja-de-retour-sur-un-tournoi-tres-releve-a-deux-semaines-de-wimbledon","status":"publish","type":"post","link":"https:\/\/www.europesays.com\/fr\/998841\/","title":{"rendered":"ATP &#8211; Halle > Zverev d\u00e9j\u00e0 de retour sur un tournoi tr\u00e8s relev\u00e9 \u00e0 deux semaines de Wimbledon"},"content":{"rendered":"<p><a href=\"https:\/\/www.welovetennis.fr\/wp-content\/uploads\/2026\/05\/Zverev-RG-2025.jpeg\" data-caption=\"\" rel=\"nofollow noopener\" target=\"_blank\"><img loading=\"lazy\" decoding=\"async\" width=\"696\" height=\"371\" class=\"entry-thumb td-modal-image lazy\" src=\"data:image\/svg+xml,%3Csvg%20xmlns=\" http:=\"\" data-src=\"https:\/\/www.europesays.com\/fr\/wp-content\/uploads\/2026\/06\/Zverev-RG-2025-696x371.jpeg\" data- data- alt=\"\" title=\"Zverev RG 2026\"\/><\/a><\/p>\n<p>Alexander Zverev a d\u00e9j\u00e0 Wimbledon en ligne de\u00a0mire.<\/p>\n<p>T\u00eate de s\u00e9rie num\u00e9ro 1 de l\u2019ATP 500 de Halle qui d\u00e9bute ce lundi 16 juin, le local a pu prendre connais\u00adsance du tirage au sort effectu\u00e9 ce samedi. Et s\u2019il a plut\u00f4t \u00e9t\u00e9 \u00e9pargn\u00e9 pour son entr\u00e9e en lice (oppos\u00e9 au terrien Vit Kopriva), il pour\u00adrait ensuite retrouver un certain Joao Fonseca, tombeur de Novak Djokovic \u00e0\u00a0Paris.<\/p>\n<p><img fetchpriority=\"high\" decoding=\"async\" width=\"817\" height=\"1024\" src=\"https:\/\/www.europesays.com\/fr\/wp-content\/uploads\/2026\/06\/Capture-decran-2026-06-13-a-14.58.19.png\" alt=\"\" class=\"wp-image-590437\" style=\"aspect-ratio:0.7978649089183041;width:480px;height:auto\"  \/><\/p>\n<p>On notera \u00e9gale\u00adment la pr\u00e9sence de quatre membres du Top 10 mondial en plus de Zverev (F\u00e9lix Auger\u2010Aliassime, Ben Shelton, Daniil Medvedev et Taylor Fritz) ainsi qu\u2019un premier tour parti\u00adcu\u00adli\u00e8\u00adre\u00adment all\u00e9\u00adchant entre Shelton et le reve\u00adnant et invit\u00e9, Nick Kyrgios.\u00a0<\/p>\n<p class=\"post-published-date\" style=\"color: silver; font-size: 75%; text-align: left;\">Publi\u00e9 le samedi 13 juin 2026 \u00e0 15:14<\/p>\n<p><a href=\"https:\/\/www.welovetennis.fr\/author\/tsuscillon\" data-wpel-link=\"internal\" rel=\"nofollow noopener\" target=\"_blank\"><img loading=\"lazy\" decoding=\"async\" alt=\"\" src=\"data:image\/svg+xml,%3Csvg%20xmlns=\" http:=\"\" data-src=\"https:\/\/www.europesays.com\/fr\/wp-content\/uploads\/2026\/06\/1781409335_874_f61d6310189fcf678f92c1d7654c07221abc3d712df3fe26393003e95faa2d83.jpeg\" data- class=\"avatar avatar-96 photo lazy\" height=\"96\" width=\"96\"\/><\/a><br \/>\nA propos de l\u2019auteur<br \/>\n<a href=\"https:\/\/www.welovetennis.fr\/author\/tsuscillon\" data-wpel-link=\"internal\" rel=\"nofollow noopener\" target=\"_blank\">Thomas S<\/a><\/p>\n<p class=\"wlt-author-bio\">Pr\u00e9f\u00e9rant sacri\u00adfier des apr\u00e8s\u2010midis dehors avec les copains pour suivre Roland\u2010Garros \u00e0 la TV, Thomas a toujours eu le d\u00e9sir de vivre de sa passion. C\u2019est par l\u2019\u00e9cri\u00adture et le jour\u00adna\u00adlisme qu\u2019il concr\u00e9\u00adtise son r\u00eave en int\u00e9\u00adgrant la r\u00e9dac\u00adtion de We Love Tennis en avril 2017\u202fen tant que pigiste, avant de devenir r\u00e9dac\u00adteur en chef en ao\u00fbt 2021. Une aven\u00adture vou\u00e9e \u00e0 se pour\u00adsuivre aussi long\u00adtemps que possible.<\/p>\n","protected":false},"excerpt":{"rendered":"Alexander Zverev a d\u00e9j\u00e0 Wimbledon en ligne de\u00a0mire. T\u00eate de s\u00e9rie num\u00e9ro 1 de l\u2019ATP 500 de Halle&hellip;\n","protected":false},"author":2,"featured_media":998842,"comment_status":"","ping_status":"","sticky":false,"template":"","format":"standard","meta":{"footnotes":"","_share_on_mastodon":"0"},"categories":[1415],"tags":[14496,3252,105,1011,27,4874,60,1467,4542],"class_list":["post-998841","post","type-post","status-publish","format-standard","has-post-thumbnail","category-tennis","tag-auger-aliassime","tag-daniil-medvedev","tag-djokovic","tag-fr","tag-france","tag-kyrgios","tag-sports","tag-tennis","tag-zverev"],"share_on_mastodon":{"url":"https:\/\/pubeurope.com\/@fr\/116746449426678679","error":""},"_links":{"self":[{"href":"https:\/\/www.europesays.com\/fr\/wp-json\/wp\/v2\/posts\/998841","targetHints":{"allow":["GET"]}}],"collection":[{"href":"https:\/\/www.europesays.com\/fr\/wp-json\/wp\/v2\/posts"}],"about":[{"href":"https:\/\/www.europesays.com\/fr\/wp-json\/wp\/v2\/types\/post"}],"author":[{"embeddable":true,"href":"https:\/\/www.europesays.com\/fr\/wp-json\/wp\/v2\/users\/2"}],"replies":[{"embeddable":true,"href":"https:\/\/www.europesays.com\/fr\/wp-json\/wp\/v2\/comments?post=998841"}],"version-history":[{"count":0,"href":"https:\/\/www.europesays.com\/fr\/wp-json\/wp\/v2\/posts\/998841\/revisions"}],"wp:featuredmedia":[{"embeddable":true,"href":"https:\/\/www.europesays.com\/fr\/wp-json\/wp\/v2\/media\/998842"}],"wp:attachment":[{"href":"https:\/\/www.europesays.com\/fr\/wp-json\/wp\/v2\/media?parent=998841"}],"wp:term":[{"taxonomy":"category","embeddable":true,"href":"https:\/\/www.europesays.com\/fr\/wp-json\/wp\/v2\/categories?post=998841"},{"taxonomy":"post_tag","embeddable":true,"href":"https:\/\/www.europesays.com\/fr\/wp-json\/wp\/v2\/tags?post=998841"}],"curies":[{"name":"wp","href":"https:\/\/api.w.org\/{rel}","templated":true}]}}