{"id":99885,"date":"2025-05-14T17:29:16","date_gmt":"2025-05-14T17:29:16","guid":{"rendered":"https:\/\/www.europesays.com\/fr\/99885\/"},"modified":"2025-05-14T17:29:16","modified_gmt":"2025-05-14T17:29:16","slug":"rhone-la46-coupee-a-lest-de-lyon-apres-un-grave-accident","status":"publish","type":"post","link":"https:\/\/www.europesays.com\/fr\/99885\/","title":{"rendered":"Rh\u00f4ne. L&rsquo;A46 coup\u00e9e \u00e0 l&rsquo;est de Lyon apr\u00e8s un grave accident"},"content":{"rendered":"<p>Un accident de la route s&rsquo;est produit ce mercredi 14 mai, vers 16h50 sur l&rsquo;autoroute A46, entre l&rsquo;\u00e9changeur de Saint-Priest Bel Air (n\u00b011) et la bifurcation de Manissieux (A43\/A46), en direction de Paris.\u00a0<\/p>\n<p>Ce contenu est bloqu\u00e9 car vous n&rsquo;avez pas accept\u00e9 les cookies et autres traceurs.<\/p>\n<p>En cliquant sur \u00ab J\u2019accepte \u00bb, les cookies et autres traceurs seront d\u00e9pos\u00e9s et vous pourrez visualiser les contenus  (<a href=\"\" class=\"consentModule_policy\" target=\"_blank\" title=\"Consulter la politique de protection des donn\u00e9es du fournisseur\">plus d&rsquo;informations<\/a>).<\/p>\n<p>En cliquant sur \u00ab J\u2019accepte tous les cookies \u00bb, vous autorisez des d\u00e9p\u00f4ts de cookies et autres traceurs pour le stockage de vos donn\u00e9es sur nos sites et applications \u00e0 des fins de personnalisation et de ciblage publicitaire.<\/p>\n<p class=\"consentModule_secondaryText\">Vous gardez la possibilit\u00e9 de retirer votre consentement \u00e0 tout moment en consultant notre <a href=\"https:\/\/www.leprogres.fr\/protection-des-donnees\" target=\"_blank\" title=\"Consulter notre politique de protection des donn\u00e9es\" rel=\"nofollow noopener\">politique de protection des donn\u00e9es<\/a>. <br \/>&#13;<br \/>\n            <a href=\"https:\/\/www.leprogres.fr\/transport\/2025\/05\/14\/javascript:Didomi.notice.show()\" class=\"consentModule_cmp\" rel=\"nofollow noopener\" target=\"_blank\">G\u00e9rer mes choix<\/a>&#13;\n        <\/p>\n<p>&#13;<br \/>\n                        J&rsquo;accepte&#13;<br \/>\n            J&rsquo;accepte tous les cookies&#13;\n        <\/p>\n<p>  Une voiture et une moto impliqu\u00e9es<\/p>\n<p>Une voiture et une moto sont impliqu\u00e9es. <a href=\"https:\/\/www.leprogres.fr\/faits-divers-justice\/2024\/02\/25\/accidents-de-la-route-qui-sont-les-victimes-dans-vos-departements\" target=\"_blank\" rel=\"nofollow noopener\">L&rsquo;accident<\/a> entra\u00eene l&rsquo;interruption de la circulation dans le secteur pour l&rsquo;ensemble des v\u00e9hicules en direction de Paris, indique Vinci Autoroutes.\u00a0<\/p>\n<p>Selon les premi\u00e8res informations, la moto a percut\u00e9 l\u2019arri\u00e8re d\u2019une voiture suite \u00e0 un ralentissement. Le motard a \u00e9t\u00e9 transport\u00e9 en d\u00e9choquage \u00e0 l\u2019h\u00f4pital Edouard Herriot. Gravement bless\u00e9, son pronostic vital n&rsquo;\u00e9tait pas engag\u00e9 \u00e0 l&rsquo;arriv\u00e9e des secours.<\/p>\n<p>La sortie est obligatoire et l&rsquo;entr\u00e9e est interdite \u00e0 tous les v\u00e9hicules \u00e0 V\u00e9nissieux (n\u00b014).<\/p>\n<p>D&rsquo;importants bouchons sont signal\u00e9s dans le secteur qu&rsquo;il est pr\u00e9f\u00e9rable d&rsquo;\u00e9viter.<\/p>\n<p>La circulation est d&rsquo;ailleurs difficile dans l&rsquo;ensemble de l&rsquo;agglom\u00e9ration \u00a0: \u00e0 18h20, Coraly fait \u00e9tat d&rsquo;un trafic \u00ab\u00a0d\u00e9grad\u00e9\u00a0\u00bb avec 35 km de ralentissements sur les voies rapides de la M\u00e9tropole. TomTom indique un taux de congestion de 78%, en hausse de 12 % par rapport \u00e0 la \u00ab\u00a0normale\u00a0\u00bb.<\/p>\n<p>\u00a0Bonne nouvelle pour les usagers de l&rsquo;A46.\u00a0\u00a0\u00c0 18h10, la circulation en direction de l&rsquo;A43 est r\u00e9tablie apr\u00e8s l&rsquo;entr\u00e9e n\u00b011 Saint-Priest &#8211; Bel air. La coupure est termin\u00e9e, le trafic est r\u00e9tabli sur l&rsquo;ensemble des voies.\u00a0<\/p>\n","protected":false},"excerpt":{"rendered":"Un accident de la route s&rsquo;est produit ce mercredi 14 mai, vers 16h50 sur l&rsquo;autoroute A46, entre l&rsquo;\u00e9changeur&hellip;\n","protected":false},"author":2,"featured_media":99886,"comment_status":"","ping_status":"","sticky":false,"template":"","format":"standard","meta":{"footnotes":""},"categories":[1889],"tags":[1111,11,2430,9492,14021,3542,3152,3154,1777,674,274,107,1011,27,108,2428,21446,12,21445,25,2429,4605,21447,2803],"class_list":{"0":"post-99885","1":"post","2":"type-post","3":"status-publish","4":"format-standard","5":"has-post-thumbnail","7":"category-lyon","8":"tag-actu","9":"tag-actualites","10":"tag-auvergne-rhone-alpes","11":"tag-bron","12":"tag-chasse-sur-rhone","13":"tag-circulation","14":"tag-edition-est-lyonnais","15":"tag-edition-sud-lyonnais","16":"tag-eu","17":"tag-europe","18":"tag-faits-divers-justice","19":"tag-fil-info","20":"tag-fr","21":"tag-france","22":"tag-isere","23":"tag-lyon","24":"tag-mions","25":"tag-news","26":"tag-nord-isere","27":"tag-republique-francaise","28":"tag-rhone","29":"tag-saint-priest","30":"tag-ternay","31":"tag-transport"},"share_on_mastodon":{"url":"https:\/\/pubeurope.com\/@fr\/114507373855957671","error":""},"_links":{"self":[{"href":"https:\/\/www.europesays.com\/fr\/wp-json\/wp\/v2\/posts\/99885","targetHints":{"allow":["GET"]}}],"collection":[{"href":"https:\/\/www.europesays.com\/fr\/wp-json\/wp\/v2\/posts"}],"about":[{"href":"https:\/\/www.europesays.com\/fr\/wp-json\/wp\/v2\/types\/post"}],"author":[{"embeddable":true,"href":"https:\/\/www.europesays.com\/fr\/wp-json\/wp\/v2\/users\/2"}],"replies":[{"embeddable":true,"href":"https:\/\/www.europesays.com\/fr\/wp-json\/wp\/v2\/comments?post=99885"}],"version-history":[{"count":0,"href":"https:\/\/www.europesays.com\/fr\/wp-json\/wp\/v2\/posts\/99885\/revisions"}],"wp:featuredmedia":[{"embeddable":true,"href":"https:\/\/www.europesays.com\/fr\/wp-json\/wp\/v2\/media\/99886"}],"wp:attachment":[{"href":"https:\/\/www.europesays.com\/fr\/wp-json\/wp\/v2\/media?parent=99885"}],"wp:term":[{"taxonomy":"category","embeddable":true,"href":"https:\/\/www.europesays.com\/fr\/wp-json\/wp\/v2\/categories?post=99885"},{"taxonomy":"post_tag","embeddable":true,"href":"https:\/\/www.europesays.com\/fr\/wp-json\/wp\/v2\/tags?post=99885"}],"curies":[{"name":"wp","href":"https:\/\/api.w.org\/{rel}","templated":true}]}}