{"id":99889,"date":"2025-05-14T17:31:12","date_gmt":"2025-05-14T17:31:12","guid":{"rendered":"https:\/\/www.europesays.com\/fr\/99889\/"},"modified":"2025-05-14T17:31:12","modified_gmt":"2025-05-14T17:31:12","slug":"tout-ce-quil-faut-savoir-pour-piquer-une-tete-en-ile-de-france-cet-ete","status":"publish","type":"post","link":"https:\/\/www.europesays.com\/fr\/99889\/","title":{"rendered":"tout ce qu&rsquo;il faut savoir pour piquer une t\u00eate en \u00cele-de-France cet \u00e9t\u00e9"},"content":{"rendered":"<p>            Par<br \/>\n        <strong><br \/>\n            <a href=\"https:\/\/actu.fr\/auteur\/emilie-salabelle\" title=\"Consulter tous les articles de Emilie Salabelle\" target=\"_blank\" rel=\"noopener\">Emilie Salabelle<\/a><br \/>\n        <\/strong><\/p>\n<p>        Publi\u00e9 le<\/p>\n<p>            14 mai 2025 \u00e0 18h18        <\/p>\n<p>Comme un petit go\u00fbt de bord de mer sur les rives de <a href=\"https:\/\/actu.fr\/tag\/la-seine\" target=\"_blank\" rel=\"noopener\">la Seine<\/a> et la Marne. Apr\u00e8s les athl\u00e8tes qui<a href=\"https:\/\/actu.fr\/ile-de-france\/paris_75056\/jo-2024-avant-sa-baignade-dans-la-seine-l-equipe-de-france-de-triathlon-assure-n-avoir-aucune-inquietude_61413585.html\" target=\"_blank\" rel=\"noopener\"> s\u2019\u00e9taient jet\u00e9s \u00e0 l\u2019eau<\/a> lors des<a href=\"https:\/\/actu.fr\/tag\/jo-paris-2024\" target=\"_blank\" rel=\"noopener\"> JO de Paris 2024<\/a>, plusieurs <strong>lieux de baignades<\/strong> vont ouvrir au grand public, qu\u2019il soit nageur chevronn\u00e9 ou pas, d\u00e8s fin juin\u00a02025 \u00e0 <a href=\"https:\/\/actu.fr\/paris\/\" target=\"_blank\" rel=\"noopener\">Paris<\/a> et dans le <a href=\"https:\/\/actu.fr\/ile-de-france\/val-de-marne_94\" target=\"_blank\" rel=\"noopener\">Val-de-Marne<\/a>. Et comme \u00e0 la plage, on y hissera le drapeau vert, orange (lorsque le d\u00e9bit de l\u2019eau sera anormalement fort) ou rouge (lorsque de la qualit\u00e9 de l\u2019eau sera insuffisante pour autoriser la baignade). Si les lieux d\u00e9sign\u00e9s pour la trempette estivale francilienne cette ann\u00e9e \u00e9taient <a href=\"https:\/\/actu.fr\/ile-de-france\/paris_75056\/carte-baignade-dans-la-seine-les-trois-sites-ou-il-sera-possible-de-nager-a-paris_59835239.html\" target=\"_blank\" rel=\"noopener\">identifi\u00e9s de longue date<\/a>, voici d\u00e9sormais plus pr\u00e9cis\u00e9ment <strong>le calendrier et les dispositifs pr\u00e9vus<\/strong>, d\u00e9taill\u00e9s par le comit\u00e9 de pilotage du plan baignade lors d\u2019un point presse, ce mercredi 14\u00a0mai 2025. L\u2019occasion, aussi, de faire un point sur les prochaines ouvertures, \u00e0 plus longue \u00e9ch\u00e9ance. Pr\u00e9parez les maillots et les serviettes, on vous explique.<\/p>\n<p>\u00c0 Paris, trois zones de baignade<\/p>\n<p class=\" wall-content\">\u00c0 Paris, <strong>trois sites<\/strong> ouvriront au public <strong>d\u00e8s le 5\u00a0juillet<\/strong> et jusqu\u2019au 31\u00a0ao\u00fbt\u2009: le Bras Marie (Paris centre) au pied du pont de Sully et face \u00e0 l\u2019\u00cele Saint-Louis, le site de Bercy (12e) face \u00e0 la BnF, et le site de Grenelle (15e), face \u00e0 <a href=\"https:\/\/actu.fr\/ile-de-france\/paris_75056\/insolite-a-paris-cette-petite-ile-au-pied-de-la-tour-eiffel-a-failli-devenir-un-aeroport_62337248.html\" target=\"_blank\" rel=\"noopener\">l\u2019\u00cele-aux-Cygnes<\/a>. Ils seront tous \u00e9quip\u00e9s de douches et de vestiaires, et surveill\u00e9s pendant les heures d\u2019ouverture. On pourra d\u2019ores et d\u00e9j\u00e0 compter <a href=\"https:\/\/actu.fr\/tag\/anne-hidalgo\" target=\"_blank\" rel=\"noopener\">Anne Hidalgo<\/a> parmi les baigneurs, un an apr\u00e8s <a href=\"https:\/\/actu.fr\/ile-de-france\/paris_75056\/c-est-historique-mais-la-baignade-d-anne-hidalgo-dans-la-seine-a-t-elle-convaincu-les-parisiens_61365047.html\" target=\"_blank\" rel=\"noopener\">son plongeon historique<\/a>, a confirm\u00e9 en riant la maire (PS) de Paris.<\/p>\n<p class=\" wall-content\">Il a fallu se mettre d\u2019accord sur le <strong>partage des usages<\/strong> du fleuve, expose l\u2019\u00e9dile. \u00ab\u2009Il y a eu beaucoup de discussions avec les professionnels du fleuve, notamment les bateliers, pour d\u00e9partager les temps et les zones d\u2019occupations.\u2009\u00bb<\/p>\n<p class=\" wall-content\"><a href=\"https:\/\/actu.fr\/ile-de-france\/paris_75056\/baignade-dans-la-seine-a-paris-les-acteurs-de-l-industrie-fluviale-se-sentent-trahis-par-anne-hidalgo_62452016.html\" target=\"_blank\" rel=\"noopener\">Le point le plus \u00e9pineux<\/a> concerne l\u2019aire de baignade situ\u00e9e au <strong>Bras Marie<\/strong>, au pied du pont de Sully et face \u00e0 l<a href=\"https:\/\/actu.fr\/ile-de-france\/paris_75056\/elle-revit-elle-est-toute-propre-apres-cinq-ans-de-travaux-l-ile-saint-louis-a-retrouve-son-eglise_61136802.html\" target=\"_blank\" rel=\"noopener\">\u2019\u00cele Saint-Louis<\/a>, axe \u00e9troit et tr\u00e8s fr\u00e9quent\u00e9, qui n\u00e9cessite l\u2019arr\u00eat de la navigation pendant les heures de baignade. \u00ab\u2009C\u2019est le site le plus complexe dans la cohabitation des usages\u2009\u00bb, reconna\u00eet Anne Hidalgo. Il ne devrait d\u2019ailleurs pas \u00eatre p\u00e9rennis\u00e9 en 2026. \u00ab\u2009On r\u00e9fl\u00e9chira \u00e0 un autre lieu\u2009\u00bb, ajoute-t-elle. Pour permettre la cohabitation avec l\u2019activit\u00e9 des bateliers, les horaires d\u2019ouvertures seront plus limit\u00e9s que sur les deux autres espaces, soit de 8\u00a0heures \u00e0 11h30 du lundi au samedi et de 8\u00a0heures \u00e0 17h30 le dimanche. Une jauge de 150\u00a0personnes a \u00e9t\u00e9 fix\u00e9e. L\u2019aire de baignade sera d\u00e9limit\u00e9e par des bou\u00e9es.<\/p>\n<p class=\" wall-content\">\u00c0 <strong>Bercy<\/strong>, le site sera ouvert tous les jours de 11\u00a0heures \u00e0 21\u00a0heures. Il sera dot\u00e9 d\u2019un solarium et de deux bassins. Avec une jauge fix\u00e9e \u00e0 700\u00a0personnes, dont 300 dans la zone de baignade, ce sera le spot le plus important de la capitale.<\/p>\n<p>Vid\u00e9os : en ce moment sur Actu<br \/>\n      <img   decoding=\"async\" loading=\"lazy\" src=\"https:\/\/www.europesays.com\/fr\/wp-content\/uploads\/2025\/05\/design-sans-titre-2025-05-14t181158959-960x640.png\" alt=\"Le site de Bercy sera celui qui pourra accueillir le plus de monde.\" width=\"960\" height=\"640\"\/><br \/>\n    Le site de Bercy sera celui qui pourra accueillir le plus de monde. (\u00a9Vue d\u2019artiste \u2013 Ville de Paris)<\/p>\n<p class=\" wall-content\">Enfin, \u00e0 <strong>Grenelle<\/strong>, de larges pontons vont \u00eatre install\u00e9s sur le fleuve, ainsi qu\u2019un bassin s\u00e9curis\u00e9 o\u00f9 les enfants auront pied. Un solarium et une base nautique proposant des activit\u00e9s gratuites de kayak y seront disponibles. 200\u00a0personnes en simultan\u00e9, dont 150 dans l\u2019eau pourront y \u00eatre accueillies, de 10\u00a0heures \u00e0 17h30 du lundi au vendredi et de 10\u00a0heures \u00e0 16h45 le samedi. Le dimanche, des plages horaires fractionn\u00e9es d\u2019ouvertures sont pr\u00e9vues (10h-midi, 12h30-14h15, 14h45-17h30).<\/p>\n<p>      <img   decoding=\"async\" loading=\"lazy\" src=\"https:\/\/www.europesays.com\/fr\/wp-content\/uploads\/2025\/05\/design-sans-titre-2025-05-14t181239527-960x640.png\" alt=\"Des pontons vont \u00eatre install\u00e9s sur la Seine \u00e0 Grenelle.\" width=\"960\" height=\"640\"\/><br \/>\n    Des pontons vont \u00eatre install\u00e9s sur la Seine \u00e0 Grenelle. (\u00a9Vue d\u2019artiste \u2013 Ville de Paris)Le top d\u00e9part de la baignade dans le Val-de-Marne<\/p>\n<p class=\" wall-content\">Pour glisser un orteil \u00e0 l\u2019eau au plus t\u00f4t, il faudra aller voir du c\u00f4t\u00e9 de <strong>la<\/strong> <strong>Marne<\/strong>, o\u00f9 deux sites g\u00e9r\u00e9s par le territoire Paris Est Marne et Bois <a href=\"https:\/\/actu.fr\/ile-de-france\/maisons-alfort_94046\/baignade-dans-la-marne-voici-les-deux-sites-du-val-de-marne-qui-devraient-ouvrir-en-juin-prochain_62607012.html\" target=\"_blank\" rel=\"noopener\">ouvriront <\/a><a href=\"https:\/\/actu.fr\/ile-de-france\/maisons-alfort_94046\/baignade-dans-la-marne-voici-les-deux-sites-du-val-de-marne-qui-devraient-ouvrir-en-juin-prochain_62607012.html\" target=\"_blank\" rel=\"noopener\">d\u00e8s le 28\u00a0juin<\/a> 2025. Situ\u00e9s \u00e0 <a href=\"https:\/\/actu.fr\/ile-de-france\/maisons-alfort_94046\/baignade-dans-la-marne-voici-les-deux-sites-du-val-de-marne-qui-devraient-ouvrir-en-juin-prochain_62607012.html\" target=\"_blank\" rel=\"noopener\">Maisons-Alfort<\/a> et <a href=\"https:\/\/actu.fr\/ile-de-france\/joinville-le-pont_94042\" target=\"_blank\" rel=\"noopener\">Joinville-le-Pont,<\/a> ils seront ouverts tous les jours jusqu\u2019au 31\u00a0ao\u00fbt, voire 14\u00a0septembre si la m\u00e9t\u00e9o le permet, de 10\u00a0heures \u00e0 18\u00a0heures. \u00c0 noter que l\u2019entr\u00e9e sera factur\u00e9e 3\u00a0euros les deux heures pour les habitants du territoire. Sur chaque site d\u2019une jauge de 200\u00a0personnes en simultan\u00e9, les baigneurs trouveront deux bassins (enfant et adulte).<\/p>\n<p><a class=\"jo-module-caroussel__img-container\" href=\"https:\/\/static.actu.fr\/uploads\/2025\/05\/design-sans-titre-2025-05-14t181307144.png\" title=\"Agrandir la photo Le site de Maisons-Alfort. (\u00a9 Vue d&#039;artiste - Paris Est Marne et Bois)\" data-idx=\"1\" target=\"_blank\" rel=\"noopener\"><br \/>\n    <img decoding=\"async\" class=\"jo-module-caroussel__img\" loading=\"lazy\" src=\"https:\/\/www.europesays.com\/fr\/wp-content\/uploads\/2025\/05\/design-sans-titre-2025-05-14t181307144-640x427.png\" alt=\"Le site de Maisons-Alfort. (\u00a9 Vue d'artiste - Paris Est Marne et Bois)\" width=\"640\" height=\"427\"\/><\/a><a class=\"jo-module-caroussel__img-container\" href=\"https:\/\/static.actu.fr\/uploads\/2025\/05\/design-sans-titre-2025-05-14t181343323.png\" title=\"Agrandir la photo Le site de Joinville-le-Pont. (\u00a9 Vue d&#039;artiste - Paris Est Marne et Bois)\" data-idx=\"2\" target=\"_blank\" rel=\"noopener\"><br \/>\n    <img decoding=\"async\" class=\"jo-module-caroussel__img\" loading=\"lazy\" src=\"https:\/\/www.europesays.com\/fr\/wp-content\/uploads\/2025\/05\/design-sans-titre-2025-05-14t181343323-640x427.png\" alt=\"Le site de Joinville-le-Pont. (\u00a9 Vue d'artiste - Paris Est Marne et Bois)\" width=\"640\" height=\"427\"\/><\/a><\/p>\n<p class=\" wall-content\">D\u2019autres sites de baignade g\u00e9r\u00e9s par des communes vont \u00e9galement ouvrir cet \u00e9t\u00e9, de mani\u00e8re plus ponctuelle. Ce sera notamment le cas \u00e0 <a href=\"https:\/\/actu.fr\/ile-de-france\/saint-maur-des-fosses_94068\" target=\"_blank\" rel=\"noopener\">Saint-Maur-des-Foss\u00e9<\/a>s et <a href=\"https:\/\/actu.fr\/ile-de-france\/champigny-sur-marne_94017\" target=\"_blank\" rel=\"noopener\">Champigny-sur-Marne<\/a>.<\/p>\n<p class=\" wall-content\">\u00c0 plus longue \u00e9ch\u00e9ance, <a href=\"https:\/\/actu.fr\/ile-de-france\/creteil_94028\/carte-baignade-dans-la-seine-et-la-marne-decouvrez-les-14-sites-retenus-dans-le-val-de-marne_60919703.html\" target=\"_blank\" rel=\"noopener\">14 sites ont \u00e9t\u00e9 identifi\u00e9s<\/a> dans le d\u00e9partement comme lieux de baignade (7 sur le Marne, 7 sur la Seine). Un <strong>retour aux sources symbolique<\/strong> pour un territoire dont les guinguettes ont fait flor\u00e8s au XXe\u00a0si\u00e8cle, jusqu\u2019\u00e0 ce que l\u2019interdiction de la baignade dans la Marne y mette un coup d\u2019arr\u00eat en 1970. \u00ab\u2009On a une volont\u00e9 d\u2019am\u00e9liorer la qualit\u00e9 de vie des villes autour de Paris\u2009\u00bb, fait valoir <a href=\"https:\/\/actu.fr\/politique\/ce-qu-il-faut-savoir-sur-olivier-capitanio-nouveau-president-du-val-de-marne_43137869.html\" target=\"_blank\" rel=\"noopener\">Olivier Capitanio<\/a>, pr\u00e9sident du d\u00e9partement. Face au <a href=\"https:\/\/actu.fr\/tag\/rechauffement-climatique\" target=\"_blank\" rel=\"noopener\">r\u00e9chauffement climatique<\/a>, l\u2019ouverture \u00e0 la baignade r\u00e9pond \u00e0 des enjeux d\u2019adaptation, ajoute-t-il. \u00ab\u2009On le constate d\u2019ores et d\u00e9j\u00e0, si on n\u2019organise pas les choses<strong>, les citoyens retournent \u00e0 l\u2019eau<\/strong> de mani\u00e8re un peu sauvage, avec des risques sanitaires et s\u00e9curitaires\u2009\u00bb.<\/p>\n<p>Des travaux toujours en cours<\/p>\n<p class=\" wall-content\">Les <a href=\"https:\/\/actu.fr\/ile-de-france\/paris_75056\/baignade-dans-la-seine-le-point-de-situation-a-six-mois-des-jo-de-paris-2024_60654185.html\" target=\"_blank\" rel=\"noopener\">travaux de d\u00e9pollution<\/a>, qui ont mobilis\u00e9 <strong>1,1\u00a0milliard d\u2019euros<\/strong> depuis 2016 en amont des JO, ne se sont pas termin\u00e9s apr\u00e8s la <a href=\"https:\/\/actu.fr\/ile-de-france\/saint-denis_93066\/incroyable-ou-ratee-la-ceremonie-de-cloture-des-jo-2024-a-divise-les-internautes-du-monde-entier_61475225.html\" target=\"_blank\" rel=\"noopener\">c\u00e9r\u00e9monie de cl\u00f4ture<\/a>. Depuis, les efforts se sont concentr\u00e9s sur les <a href=\"https:\/\/actu.fr\/societe\/raccorder-les-eaux-usees-au-reseau-d-assainissement-un-travail-de-fourmi-dans-le-val-de-marne_59783652.html\" target=\"_blank\" rel=\"noopener\">mauvais branchements priv\u00e9s<\/a> qui se rejetaient directement dans le fleuve. La moiti\u00e9 de ce chantier avait \u00e9t\u00e9 faite avant les olympiades. Entre septembre\u00a02024 et mars\u00a02025, <strong>1\u2009700 mauvais branchements<\/strong> ont \u00e9t\u00e9 corrig\u00e9s en amont, et 300 en aval, fait savoir Marc Guillaume, pr\u00e9fet de la r\u00e9gion \u00cele-de-France.<\/p>\n<p class=\" wall-content\">Dans ces conditions, les acteurs se montrent confiants quant \u00e0 la baignabilit\u00e9 de la Seine et de la Marne pour la saison estivale \u00e0 venir. La <a href=\"https:\/\/actu.fr\/ile-de-france\/paris_75056\/pourra-t-on-se-baigner-dans-la-seine-apres-les-jo-la-mairie-semble-positive_60444223.html\" target=\"_blank\" rel=\"noopener\">qualit\u00e9 de l\u2019eau<\/a> sera contr\u00f4l\u00e9e quotidiennement par l\u2019agence r\u00e9gionale de sant\u00e9 (ARS). \u00ab\u2009On aura s\u00fbrement quelques jours de fermeture dans l\u2019\u00e9t\u00e9, mais pendant les JO, on a r\u00e9ussi \u00e0 tenir toutes les \u00e9preuves. Cette ann\u00e9e, comme on a encore accru la d\u00e9pollution de la Seine et de la Marne, nous sommes raisonnablement optimistes\u2009\u00bb, assure Marc Guillaume.<\/p>\n<p>Et en aval\u2009?<\/p>\n<p class=\" wall-content\">Les travaux sont encore loin d\u2019\u00eatre termin\u00e9s, puisque la reconqu\u00eate de la Seine se tourne aussi vers aval, \u00e0 l\u2019est de Paris. La <a href=\"https:\/\/actu.fr\/ile-de-france\/seine-saint-denis_93\" target=\"_blank\" rel=\"noopener\">Seine-Saint-Denis<\/a> devrait voir ouvrir un <a href=\"https:\/\/actu.fr\/ile-de-france\/neuilly-sur-marne_93050\/seine-saint-denis-heritage-des-jo-cette-commune-accueillera-le-premier-site-de-baignade-dans-la-marne_62409461.html\" target=\"_blank\" rel=\"noopener\">premier site de baignade \u00e0 Neuilly-sur-Marne<\/a> en 2026. \u00ab\u2009Les efforts se d\u00e9ploient d\u00e9sormais pour essayer d\u2019ouvrir des sites de baignade \u00e0 l\u2019\u00eele Monsieur [S\u00e8vres, Hauts-de-Seine] et \u00e0 <a href=\"https:\/\/actu.fr\/ile-de-france\/l-ile-saint-denis_93039\/carte-baignade-dans-la-seine-apres-les-jo-les-deux-villes-candidates-en-seine-saint-denis_60979931.html\" target=\"_blank\" rel=\"noopener\">l\u2019\u00cele-Saint-Denis<\/a> \u00e0 l\u2019horizon 2027-2028\u2009\u00bb, d\u00e9veloppe le pr\u00e9fet.<\/p>\n<p class=\" wall-content\">De ce c\u00f4t\u00e9, presque tout reste \u00e0 faire. L\u2019\u00c9tat maintiendra un <strong>soutien financier important<\/strong>, en finan\u00e7ant 60\u2009% des travaux prioritaires sur les r\u00e9seaux, qui seront \u00ab\u2009assez diff\u00e9rents\u2009\u00bb de ce qui a d\u00e9j\u00e0 \u00e9t\u00e9 fait en amont, anticipe Marc Guillaume. L\u00e0 o\u00f9, \u00e0 Paris, le raccordement des bateaux \u00e9tait \u00ab\u2009assez simple\u2009\u00bb, ce nouveau tron\u00e7on r\u00e9serve \u00ab\u2009beaucoup de situations tr\u00e8s diff\u00e9rentes, avec des bateaux amarr\u00e9s en bord de Seine, ou dans le Bois de Boulogne. Il n\u2019y a pas la capacit\u00e9 de construire des canalisations \u00e0 tous les endroits, donc on va avoir recours \u00e0 des modes de traitement des eaux diff\u00e9rents\u2009\u00bb, pr\u00e9vient le pr\u00e9fet.<\/p>\n<p class=\" wall-content\">Au-del\u00e0 de l\u2019\u00cele-Saint-Denis, une \u00e9tude est en cours pour mettre sur pied un <strong>plan global d\u2019action en 2026<\/strong>. Un chantier complexe et co\u00fbteux en perspective, dont la r\u00e9ussite, pr\u00e9vient le comit\u00e9 de pilotage, d\u00e9pendra de la mobilisation des collectivit\u00e9s et autres acteurs du territoire.<\/p>\n<p class=\" wall-content\">Suivez toute l\u2019actualit\u00e9 de vos villes et m\u00e9dias favoris en vous inscrivant \u00e0 <a href=\"https:\/\/moncompte.actu.fr\" title=\"D\u00e9couvez Mon Actu\" rel=\"nofollow noopener\" data-trk=\"{&quot;cta&quot;:{&quot;action&quot;:&quot;https:\\\/\\\/moncompte.actu.fr&quot;,&quot;category&quot;:&quot;mon compte&quot;,&quot;from&quot;:&quot;article footer&quot;,&quot;name&quot;:&quot;Mon actu&quot;,&quot;type&quot;:&quot;cta&quot;}}\" target=\"_blank\">Mon Actu<\/a>.<\/p>\n","protected":false},"excerpt":{"rendered":"Par Emilie Salabelle Publi\u00e9 le 14 mai 2025 \u00e0 18h18 Comme un petit go\u00fbt de bord de mer&hellip;\n","protected":false},"author":2,"featured_media":99890,"comment_status":"","ping_status":"","sticky":false,"template":"","format":"standard","meta":{"footnotes":""},"categories":[1592],"tags":[1111,11,2618,1777,674,1011,27,662,5353,12,626,5140,25,104],"class_list":{"0":"post-99889","1":"post","2":"type-post","3":"status-publish","4":"format-standard","5":"has-post-thumbnail","7":"category-ile-de-france","8":"tag-actu","9":"tag-actualites","10":"tag-anne-hidalgo","11":"tag-eu","12":"tag-europe","13":"tag-fr","14":"tag-france","15":"tag-ile-de-france","16":"tag-la-seine","17":"tag-news","18":"tag-paris","19":"tag-rechauffement-climatique","20":"tag-republique-francaise","21":"tag-societe"},"share_on_mastodon":{"url":"https:\/\/pubeurope.com\/@fr\/114507381907276799","error":""},"_links":{"self":[{"href":"https:\/\/www.europesays.com\/fr\/wp-json\/wp\/v2\/posts\/99889","targetHints":{"allow":["GET"]}}],"collection":[{"href":"https:\/\/www.europesays.com\/fr\/wp-json\/wp\/v2\/posts"}],"about":[{"href":"https:\/\/www.europesays.com\/fr\/wp-json\/wp\/v2\/types\/post"}],"author":[{"embeddable":true,"href":"https:\/\/www.europesays.com\/fr\/wp-json\/wp\/v2\/users\/2"}],"replies":[{"embeddable":true,"href":"https:\/\/www.europesays.com\/fr\/wp-json\/wp\/v2\/comments?post=99889"}],"version-history":[{"count":0,"href":"https:\/\/www.europesays.com\/fr\/wp-json\/wp\/v2\/posts\/99889\/revisions"}],"wp:featuredmedia":[{"embeddable":true,"href":"https:\/\/www.europesays.com\/fr\/wp-json\/wp\/v2\/media\/99890"}],"wp:attachment":[{"href":"https:\/\/www.europesays.com\/fr\/wp-json\/wp\/v2\/media?parent=99889"}],"wp:term":[{"taxonomy":"category","embeddable":true,"href":"https:\/\/www.europesays.com\/fr\/wp-json\/wp\/v2\/categories?post=99889"},{"taxonomy":"post_tag","embeddable":true,"href":"https:\/\/www.europesays.com\/fr\/wp-json\/wp\/v2\/tags?post=99889"}],"curies":[{"name":"wp","href":"https:\/\/api.w.org\/{rel}","templated":true}]}}