{"id":99898,"date":"2025-05-14T17:36:15","date_gmt":"2025-05-14T17:36:15","guid":{"rendered":"https:\/\/www.europesays.com\/fr\/99898\/"},"modified":"2025-05-14T17:36:15","modified_gmt":"2025-05-14T17:36:15","slug":"lap-hp-condamnee-pour-avoir-tarde-a-lui-administrer-un-traitement","status":"publish","type":"post","link":"https:\/\/www.europesays.com\/fr\/99898\/","title":{"rendered":"l&rsquo;AP-HP condamn\u00e9e pour avoir tard\u00e9 \u00e0 lui administrer un traitement"},"content":{"rendered":"<p>            Par<br \/>\n        <strong><br \/>\n            <a href=\"https:\/\/actu.fr\/auteur\/redaction-paris\" title=\"Consulter tous les articles de R\u00e9daction Paris\" rel=\"nofollow noopener\" target=\"_blank\">R\u00e9daction Paris<\/a><br \/>\n        <\/strong><\/p>\n<p>        Publi\u00e9 le<\/p>\n<p>            14 mai 2025 \u00e0 19h02        <\/p>\n<p>Malgr\u00e9 plusieurs allers-retours entre les h\u00f4pitaux de la capitale\u00a0et sa r\u00e9gion, le b\u00e9b\u00e9 \u00e9tait d\u00e9c\u00e9d\u00e9. Plus de dix ans apr\u00e8s les faits, la cour administrative d\u2019appel de <a href=\"https:\/\/actu.fr\/paris\/dernieres-actus\" rel=\"nofollow noopener\" target=\"_blank\">Paris<\/a> vient de trancher et a condamn\u00e9 l\u2019<a href=\"https:\/\/actu.fr\/tag\/aphp\" rel=\"nofollow noopener\" target=\"_blank\">AP-HP<\/a>.<br \/>L\u2019institution a effectivement \u00e9t\u00e9 d\u00e9clar\u00e9e responsable pour moiti\u00e9 de la mort de l\u2019enfant de 7\u00a0mois, survenue \u00e0 Necker (15e) en 2013. Sa faute\u2009: avoir tard\u00e9 \u00e0 administrer au petit patient un traitement alors qu\u2019il \u00e9tait atteint d\u2019une<a href=\"https:\/\/actu.fr\/societe\/meningite-a-meningocoque-c-est-quoi-cette-infection-qui-a-tue-une-jeune-femme-de-18-ans-a-rennes_62212717.html\" rel=\"nofollow noopener\" target=\"_blank\"> m\u00e9ningite \u00e0 pneumocoque.<\/a> Explications.<\/p>\n<p>Une malformation cardiaque d\u00e9tect\u00e9e in utero<\/p>\n<p class=\" wall-content\">En premi\u00e8re instance, le tribunal administratif de Paris avait partag\u00e9 les torts entre l\u2019AP-HP et l\u2019Office national d\u2019indemnisation des accidents m\u00e9dicaux (Oniam)\u2009: selon les premiers juges, la mort avait \u00e9t\u00e9 provoqu\u00e9e en premier lieu par une \u00ab\u2009infection nosocomiale\u2009\u00bb. La Caisse primaire d\u2019assurance-maladie (CPAM) du Val-d\u2019Oise, qui avait pris \u00e0 sa charge les frais d\u2019hospitalisation de l\u2019enfant, avait alors fait appel du jugement\u2009: elle r\u00e9clamait plus de 264\u2009000\u00a0euros de remboursements. L\u2019Oniam voulait lui \u00eatre mis \u00ab\u2009hors de cause\u2009\u00bb dans ce drame.<\/p>\n<p class=\" wall-content\">\u00ab\u2009X. est n\u00e9 le 9\u00a0novembre 2012 avec un c\u0153ur univentriculaire, caract\u00e9ristique d\u2019une malformation cardiaque complexe diagnostiqu\u00e9e in utero\u2009\u00bb, commence par recontextualiser la cour administrative d\u2019appel de Paris, dans <a href=\"https:\/\/www.legifrance.gouv.fr\/ceta\/id\/CETATEXT000051321795?dateDecision=&amp;init=true&amp;page=1&amp;query=%22article+L1142-1%22+du+%22Code+de+la+sant%C3%A9+publique%22&amp;searchField=ALL&amp;tab_selection=cetat\" rel=\"nofollow noopener\" target=\"_blank\">un arr\u00eat<\/a> du 12\u00a0mars 2025 qui vient d\u2019\u00eatre rendu public. Cette malformation \u00ab\u2009d\u2019une particuli\u00e8re gravit\u00e9\u2009\u00bb, selon l\u2019Oniam, lui avait alors valu une intervention chirurgicale dix jours apr\u00e8s sa naissance \u00e0 l\u2019h\u00f4pital Necker.<\/p>\n<p class=\" wall-content\">Mais, d\u00e8s le 11\u00a0janvier 2023, le b\u00e9b\u00e9 avait \u00e9t\u00e9 admis aux urgences du centre hospitalier Ren\u00e9-Dubos de Pontoise (Val-d\u2019Oise) pour une \u00ab\u2009d\u00e9tresse respiratoire\u2009\u00bb\u2009; cinq jours plus tard, face \u00e0 \u00ab\u2009l\u2019aggravation de son \u00e9tat de sant\u00e9\u2009\u00bb, il avait \u00e9t\u00e9 transf\u00e9r\u00e9 \u00e0 l\u2019h\u00f4pital Robert-Debr\u00e9, dans le 19e arrondissement de Paris, o\u00f9 un pneumocoque sera retrouv\u00e9 dans ses \u00ab\u2009s\u00e9cr\u00e9tions bronchiques\u2009\u00bb.<\/p>\n<p>L\u2019infection n\u2019avait rien de \u00ab\u2009nosocomial\u2009\u00bb<\/p>\n<p class=\" wall-content\">\u00ab\u2009\u00c0 compter du 4\u00a0f\u00e9vrier suivant, l\u2019enfant a montr\u00e9 des signes neurologiques inqui\u00e9tants, tels que des troubles de la conscience, des convulsions, une d\u00e9viation des yeux\u2009\u00bb, \u00e9num\u00e8re la cour administrative d\u2019appel de Paris. Il avait donc \u00e9t\u00e9 admis une nouvelle fois \u00e0 Necker en neurologie, puis \u00ab\u2009imm\u00e9diatement\u2009\u00bb en r\u00e9animation \u00e0 Robert-Debr\u00e9. Il d\u00e9c\u00e9dera finalement le 4\u00a0juin 2013. Dans ces conditions, ses parents avaient saisi la justice administrative pour engager la responsabilit\u00e9 de ce dernier centre hospitalier, qui rel\u00e8ve lui aussi de l\u2019AP-HP.<\/p>\n<p class=\" wall-content\">L\u2019infection n\u2019avait rien de \u00ab\u2009nosocomial\u2009\u00bb puisqu\u2019elle \u00e9tait \u00ab\u2009pr\u00e9sente au d\u00e9but de sa prise en charge par l\u2019h\u00f4pital Robert-Debr\u00e9\u2009\u00bb et qu\u2019elle n\u2019est \u00ab\u2009pas la cons\u00e9quence d\u2019un acte de soin\u2009\u00bb, exposent les juges parisiens. \u00ab\u2009Le d\u00e9c\u00e8s de l\u2019enfant est d\u2019origine plurifactoriel et principalement d\u00fb \u00e0 la grave cardiopathie dont il a souffert d\u00e8s sa naissance, mais ne peut \u00eatre directement imput\u00e9 \u00e0 la m\u00e9ningite.\u2009\u00bb<\/p>\n<p>    <a href=\"https:\/\/email.publihebdos.com\/form?lid=Mqc7o19yVDtMEo2FE8aUtw2\" title=\"Ouvrie le lien\" rel=\"nofollow noopener\" target=\"_blank\">Cliquez ici pour visualiser le contenu<\/a><\/p>\n<p>L\u2019antibioth\u00e9rapie administr\u00e9e trop tardivement<\/p>\n<p class=\" wall-content\">Mais, dans la mesure o\u00f9 l\u2019enfant pr\u00e9sentait les 27 et 28\u00a0janvier 2013 \u00ab\u2009des pics de fi\u00e8vre \u00e0 40\u00a0\u00b0C\u2009\u00bb et \u00e9tait dans un \u00ab\u2009\u00e9tat tr\u00e8s f\u00e9brile\u2009\u00bb, l\u2019antibioth\u00e9rapie \u00ab\u2009aurait d\u00fb \u00eatre administr\u00e9e sans attendre le lendemain matin\u2009\u00bb. \u00ab\u2009Le retard dans le diagnostic de l\u2019infection et dans la mise en place d\u2019une antibioth\u00e9rapie destin\u00e9e \u00e0 la traiter a constitu\u00e9 une faute \u00e0 l\u2019origine d\u2019une perte de chance d\u2019\u00e9chapper \u00e0 l\u2019aggravation de son \u00e9tat de sant\u00e9, qui doit \u00eatre estim\u00e9e en l\u2019esp\u00e8ce \u00e0 50\u2009%\u2009\u00bb, en d\u00e9duit la cour administrative d\u2019appel de Paris.<\/p>\n<p class=\" wall-content\">L\u2019Oniam a donc \u00e9t\u00e9 mise hors de cause et l\u2019AP-HP condamn\u00e9e \u00e0 verser pr\u00e8s de 163\u2009000\u00a0euros \u00e0 la CPAM du Val-d\u2019Oise. Elle devra aussi verser 30\u2009000\u00a0euros de d\u00e9dommagements \u00e0 la famille de l\u2019enfant.<\/p>\n<p class=\" wall-content\">\u00ab\u2009Les parents ont \u00e9t\u00e9 pr\u00e9sents quotidiennement aupr\u00e8s de leur enfant durant tout le temps de son hospitalisation et jusqu\u2019\u00e0 son d\u00e9c\u00e8s\u2009\u00bb, rappelait d\u00e9j\u00e0 en premi\u00e8re instance le tribunal administratif de Paris. \u00ab\u2009Cette circonstance a n\u00e9cessairement eu un retentissement d\u00e9favorable sur l\u2019organisation de la cellule familiale, et notamment sur la disponibilit\u00e9 des parents pour s\u2019occuper de leurs autres enfants.\u2009\u00bb Ils avaient notamment d\u00fb \u00ab\u2009solliciter l\u2019aide de la tante\u2009\u00bb du b\u00e9b\u00e9, vivant en Alg\u00e9rie.<\/p>\n<p class=\" wall-content\"><strong>\/MJ (PressPepper)<\/strong><\/p>\n<p class=\" wall-content\">Suivez toute l\u2019actualit\u00e9 de vos villes et m\u00e9dias favoris en vous inscrivant \u00e0 <a href=\"https:\/\/moncompte.actu.fr\" title=\"D\u00e9couvez Mon Actu\" rel=\"nofollow noopener\" data-trk=\"{&quot;cta&quot;:{&quot;action&quot;:&quot;https:\\\/\\\/moncompte.actu.fr&quot;,&quot;category&quot;:&quot;mon compte&quot;,&quot;from&quot;:&quot;article footer&quot;,&quot;name&quot;:&quot;Mon actu&quot;,&quot;type&quot;:&quot;cta&quot;}}\" target=\"_blank\">Mon Actu<\/a>.<\/p>\n","protected":false},"excerpt":{"rendered":"Par R\u00e9daction Paris Publi\u00e9 le 14 mai 2025 \u00e0 19h02 Malgr\u00e9 plusieurs allers-retours entre les h\u00f4pitaux de la&hellip;\n","protected":false},"author":2,"featured_media":99899,"comment_status":"","ping_status":"","sticky":false,"template":"","format":"standard","meta":{"footnotes":""},"categories":[1888],"tags":[11,15182,1719,1777,674,118,1011,27,303,12,626,25],"class_list":{"0":"post-99898","1":"post","2":"type-post","3":"status-publish","4":"format-standard","5":"has-post-thumbnail","7":"category-paris","8":"tag-actualites","9":"tag-aphp","10":"tag-enfants","11":"tag-eu","12":"tag-europe","13":"tag-faits-divers","14":"tag-fr","15":"tag-france","16":"tag-justice","17":"tag-news","18":"tag-paris","19":"tag-republique-francaise"},"share_on_mastodon":{"url":"https:\/\/pubeurope.com\/@fr\/114507401549673317","error":""},"_links":{"self":[{"href":"https:\/\/www.europesays.com\/fr\/wp-json\/wp\/v2\/posts\/99898","targetHints":{"allow":["GET"]}}],"collection":[{"href":"https:\/\/www.europesays.com\/fr\/wp-json\/wp\/v2\/posts"}],"about":[{"href":"https:\/\/www.europesays.com\/fr\/wp-json\/wp\/v2\/types\/post"}],"author":[{"embeddable":true,"href":"https:\/\/www.europesays.com\/fr\/wp-json\/wp\/v2\/users\/2"}],"replies":[{"embeddable":true,"href":"https:\/\/www.europesays.com\/fr\/wp-json\/wp\/v2\/comments?post=99898"}],"version-history":[{"count":0,"href":"https:\/\/www.europesays.com\/fr\/wp-json\/wp\/v2\/posts\/99898\/revisions"}],"wp:featuredmedia":[{"embeddable":true,"href":"https:\/\/www.europesays.com\/fr\/wp-json\/wp\/v2\/media\/99899"}],"wp:attachment":[{"href":"https:\/\/www.europesays.com\/fr\/wp-json\/wp\/v2\/media?parent=99898"}],"wp:term":[{"taxonomy":"category","embeddable":true,"href":"https:\/\/www.europesays.com\/fr\/wp-json\/wp\/v2\/categories?post=99898"},{"taxonomy":"post_tag","embeddable":true,"href":"https:\/\/www.europesays.com\/fr\/wp-json\/wp\/v2\/tags?post=99898"}],"curies":[{"name":"wp","href":"https:\/\/api.w.org\/{rel}","templated":true}]}}