{"id":99908,"date":"2025-05-14T17:41:11","date_gmt":"2025-05-14T17:41:11","guid":{"rendered":"https:\/\/www.europesays.com\/fr\/99908\/"},"modified":"2025-05-14T17:41:11","modified_gmt":"2025-05-14T17:41:11","slug":"lallemagne-peut-redevenir-une-locomotive-economique-assure-merz-14-05-2025-a-1929","status":"publish","type":"post","link":"https:\/\/www.europesays.com\/fr\/99908\/","title":{"rendered":"L&rsquo;Allemagne \u00ab\u00a0peut redevenir une locomotive \u00e9conomique\u00a0\u00bb, assure Merz &#8211; 14\/05\/2025 \u00e0 19:29"},"content":{"rendered":"<p>        <img fetchpriority=\"high\" decoding=\"async\" src=\"https:\/\/www.europesays.com\/fr\/wp-content\/uploads\/2025\/05\/b453f0b9491c6cf8863302acc7f7afec-760x507.jpg\" alt=\"Le nouveau chancelier allemand Friedrich Merz prononce son premier discours de politique g\u00e9n\u00e9rale au Bundestag \u00e0 Berlin le 14 mai 2025 ( AFP \/ John MACDOUGALL )\" loading=\"eager\" width=\"760\" height=\"507\" style=\"max-width: 100%!important; height: auto;\"\/><\/p>\n<p class=\"c-image-news__legend\">Le nouveau chancelier allemand Friedrich Merz prononce son premier discours de politique g\u00e9n\u00e9rale au Bundestag \u00e0 Berlin le 14 mai 2025 ( AFP \/ John MACDOUGALL )<\/p>\n<p>\n L&rsquo;Allemagne \u00ab\u00a0peut redevenir une locomotive \u00e9conomique que le monde admire\u00a0\u00bb, a assur\u00e9 mercredi Friedrich Merz lors de son discours de politique g\u00e9n\u00e9rale, d\u00e9termin\u00e9 \u00e0 \u00ab\u00a0tout faire\u00a0\u00bb pour retrouver \u00ab\u00a0le chemin de la croissance\u00a0\u00bb dans un pays toujours plus englu\u00e9 dans la crise.\n<\/p>\n<p>\n Moteur de la croissance de la zone euro pendant longtemps, l\u2019Allemagne sort de deux ann\u00e9es cons\u00e9cutives de r\u00e9cession, \u00e0 la tra\u00eene de ses partenaires europ\u00e9ens, et la stagnation guette la premi\u00e8re \u00e9conomie europ\u00e9enne en 2025.\n<\/p>\n<p>\n \u00ab\u00a0Nous n&rsquo;avons jamais connu une p\u00e9riode aussi longue sans croissance \u00e9conomique dans l&rsquo;histoire de notre pays\u00a0\u00bb, a observ\u00e9 le chancelier conservateur devant les d\u00e9put\u00e9s allemands.\n<\/p>\n<p>\n \u00ab\u00a0Notre \u00e9conomie est encore en grande partie comp\u00e9titive, mais les conditions-cadres ne le sont plus\u00a0\u00bb, a-t-il ajout\u00e9, promettant un m\u00e9lange de baisses d\u2019imp\u00f4ts, du prix de l\u2019\u00e9nergie et des co\u00fbts de la bureaucratie pour les entreprises.\n<\/p>\n<p>\n Le chef de la coalition constitu\u00e9e entre conservateurs et sociaux-d\u00e9mocrates veut aussi investir dans les infrastructures d\u00e9grad\u00e9es du pays, notamment via un fonds publics in\u00e9dit de 500 milliards d\u2019euros.\n<\/p>\n<p>\n Le gouvernement doit cependant \u00ab\u00a0g\u00e9rer ces nouveaux fonds avec une extr\u00eame prudence\u00a0\u00bb et ces dettes \u00ab\u00a0doivent \u00e9galement \u00eatre rembours\u00e9es\u00a0\u00bb, a pr\u00e9venu Friedrich Merz, qui est contest\u00e9 dans son parti conservateur pour \u00eatre revenu sur un engagement majeur de campagne en assouplissant les r\u00e8gles allemandes de d\u00e9penses budg\u00e9taires.\n<\/p>\n<p>\n L\u2019avalanche de droits de douane du pr\u00e9sident am\u00e9ricain Donald Trump pose aussi une menace existentielle \u00e0 l&rsquo;Allemagne, tr\u00e8s d\u00e9pendante de ses exportations.\n<\/p>\n<p>\n Friedrich Merz a r\u00e9p\u00e9t\u00e9 mercredi qu&rsquo;il voulait \u00ab\u00a0r\u00e9gler rapidement\u00a0\u00bb les diff\u00e9rends avec le pr\u00e9sident Trump, apr\u00e8s un \u00e9change t\u00e9l\u00e9phonique jeudi.\n<\/p>\n<p>\n En parall\u00e8le, le conservateur allemand souhaite que l&rsquo;UE conclue \u00ab\u00a0autant de nouveaux accords commerciaux que possible\u00a0\u00bb et ratifie rapidement l&rsquo;accord de libre-\u00e9change avec les pays du Mercosur,<\/p>\n","protected":false},"excerpt":{"rendered":"Le nouveau chancelier allemand Friedrich Merz prononce son premier discours de politique g\u00e9n\u00e9rale au Bundestag \u00e0 Berlin le&hellip;\n","protected":false},"author":2,"featured_media":99909,"comment_status":"","ping_status":"","sticky":false,"template":"","format":"standard","meta":{"footnotes":""},"categories":[1587],"tags":[400,11,672,398,408,1804,405,1805,1803,1777,674,1801,403,402,399,404,12,1802,401,406,407],"class_list":{"0":"post-99908","1":"post","2":"type-post","3":"status-publish","4":"format-standard","5":"has-post-thumbnail","7":"category-allemagne","8":"tag-action-cac-40","9":"tag-actualites","10":"tag-allemagne","11":"tag-bourse-de-paris","12":"tag-boursorama","13":"tag-bundesrepublik-deutschland","14":"tag-cotations","15":"tag-de","16":"tag-deutschland","17":"tag-eu","18":"tag-europe","19":"tag-germany","20":"tag-indices-devises","21":"tag-investir","22":"tag-investissement","23":"tag-marche-boursier","24":"tag-news","25":"tag-republique-federale-dallemagne","26":"tag-sicav","27":"tag-trackers","28":"tag-warrants"},"share_on_mastodon":{"url":"https:\/\/pubeurope.com\/@fr\/114507421029133188","error":""},"_links":{"self":[{"href":"https:\/\/www.europesays.com\/fr\/wp-json\/wp\/v2\/posts\/99908","targetHints":{"allow":["GET"]}}],"collection":[{"href":"https:\/\/www.europesays.com\/fr\/wp-json\/wp\/v2\/posts"}],"about":[{"href":"https:\/\/www.europesays.com\/fr\/wp-json\/wp\/v2\/types\/post"}],"author":[{"embeddable":true,"href":"https:\/\/www.europesays.com\/fr\/wp-json\/wp\/v2\/users\/2"}],"replies":[{"embeddable":true,"href":"https:\/\/www.europesays.com\/fr\/wp-json\/wp\/v2\/comments?post=99908"}],"version-history":[{"count":0,"href":"https:\/\/www.europesays.com\/fr\/wp-json\/wp\/v2\/posts\/99908\/revisions"}],"wp:featuredmedia":[{"embeddable":true,"href":"https:\/\/www.europesays.com\/fr\/wp-json\/wp\/v2\/media\/99909"}],"wp:attachment":[{"href":"https:\/\/www.europesays.com\/fr\/wp-json\/wp\/v2\/media?parent=99908"}],"wp:term":[{"taxonomy":"category","embeddable":true,"href":"https:\/\/www.europesays.com\/fr\/wp-json\/wp\/v2\/categories?post=99908"},{"taxonomy":"post_tag","embeddable":true,"href":"https:\/\/www.europesays.com\/fr\/wp-json\/wp\/v2\/tags?post=99908"}],"curies":[{"name":"wp","href":"https:\/\/api.w.org\/{rel}","templated":true}]}}