{"id":99919,"date":"2025-05-14T17:47:10","date_gmt":"2025-05-14T17:47:10","guid":{"rendered":"https:\/\/www.europesays.com\/fr\/99919\/"},"modified":"2025-05-14T17:47:10","modified_gmt":"2025-05-14T17:47:10","slug":"mon-coeur-battait-si-fort-souffle-le-grand-espoir-martin-couvra-laureat-en-turquie","status":"publish","type":"post","link":"https:\/\/www.europesays.com\/fr\/99919\/","title":{"rendered":"\u00abMon c\u0153ur battait si fort\u00bb, souffle le grand espoir Martin Couvra, laur\u00e9at en Turquie"},"content":{"rendered":"<p>Le grand espoir de 22 ans a remport\u00e9 ce dimanche l\u2019Open de Turquie et devenu le plus jeune golfeur \u00e0 remporter un tournoi de ce niveau.<\/p>\n<p class=\"fig-paragraph\">Couvra, qui d\u00e9couvre le circuit europ\u00e9en cette ann\u00e9e, a remont\u00e9 un retard de quatre coups sur l&rsquo;Anglais Brandon Robinson-Thompson, leader avant le 4e et dernier tour dimanche, pour finalement s&rsquo;imposer avec deux coups d&rsquo;avance sur l&rsquo;Espagnol Jorge Campillo. Couvra, qui a d\u00e9j\u00e0 termin\u00e9 quatre fois dans les dix premiers au cours de sa saison de d\u00e9butant, \u00e9tait en t\u00eate \u00e0 mi-parcours, mais un troisi\u00e8me tour de 72 l\u2019a laiss\u00e9 \u00e0 quatre coups de la t\u00eate avant le dernier tour. Un d\u00e9part fulgurant avec quatre birdies sur les six premiers trous l\u2019a rapidement propuls\u00e9 dans la course, et il s\u2019est retrouv\u00e9 \u00e0 lutter avec Li en t\u00eate du classement, avant de faire la diff\u00e9rence dans le sprint final.<\/p>\n<p class=\"fig-paragraph\">Couvra devient le 24e Fran\u00e7ais \u00e0 s&rsquo;imposer dans un tournoi du Tour Europ\u00e9en, circuit secondaire par rapport au PGA Tour, qui se d\u00e9roule principalement aux \u00c9tats-Unis. Avec six succ\u00e8s, Thomas Levet est celui qui en a remport\u00e9 le plus\u00a0: \u00abC\u2019est incroyable de gagner pour ma premi\u00e8re ann\u00e9e sur le DP World Tour, a savour\u00e9 le tricolore. C\u2019est un r\u00eave. Je me r\u00e9veille le matin pour gagner des tournois, mais gagner aussi t\u00f4t, c\u2019est incroyable, je suis vraiment heureux. J\u2019ai eu beaucoup de mal \u00e0 garder mon calme et \u00e0 rester en bonne forme pour conclure ce tour. Mais je suis tr\u00e8s content des d\u00e9cisions prises avec mon caddie, c\u2019\u00e9tait vraiment g\u00e9nial aujourd\u2019hui. Mon c\u0153ur battait si fort aujourd\u2019hui. Mais sur le parcours, c\u2019\u00e9tait vraiment g\u00e9nial, j\u2019ai beaucoup discut\u00e9 avec mon caddie pendant le tour.\u00bb<\/p>\n<p class=\"fig-paragraph\">Martin Couvra devient le premier fran\u00e7ais \u00e0 s\u2019imposer en Turquie depuis Victor Dubuisson, vainqueur en 2013 et 2015 (sur le trac\u00e9 du\u00a0Montgomerie Maxx Royal).<\/p>\n","protected":false},"excerpt":{"rendered":"Le grand espoir de 22 ans a remport\u00e9 ce dimanche l\u2019Open de Turquie et devenu le plus jeune&hellip;\n","protected":false},"author":2,"featured_media":99920,"comment_status":"","ping_status":"","sticky":false,"template":"","format":"standard","meta":{"footnotes":""},"categories":[1418],"tags":[47,7718,674,21449,1011,27,1472,21450,21451,21452,60],"class_list":{"0":"post-99919","1":"post","2":"type-post","3":"status-publish","4":"format-standard","5":"has-post-thumbnail","7":"category-golf","8":"tag-actualite","9":"tag-dp-world-tour","10":"tag-europe","11":"tag-european-tour","12":"tag-fr","13":"tag-france","14":"tag-golf","15":"tag-ladies-european-tour","16":"tag-let","17":"tag-race-to-dubai","18":"tag-sports"},"share_on_mastodon":{"url":"https:\/\/pubeurope.com\/@fr\/114507444608657152","error":""},"_links":{"self":[{"href":"https:\/\/www.europesays.com\/fr\/wp-json\/wp\/v2\/posts\/99919","targetHints":{"allow":["GET"]}}],"collection":[{"href":"https:\/\/www.europesays.com\/fr\/wp-json\/wp\/v2\/posts"}],"about":[{"href":"https:\/\/www.europesays.com\/fr\/wp-json\/wp\/v2\/types\/post"}],"author":[{"embeddable":true,"href":"https:\/\/www.europesays.com\/fr\/wp-json\/wp\/v2\/users\/2"}],"replies":[{"embeddable":true,"href":"https:\/\/www.europesays.com\/fr\/wp-json\/wp\/v2\/comments?post=99919"}],"version-history":[{"count":0,"href":"https:\/\/www.europesays.com\/fr\/wp-json\/wp\/v2\/posts\/99919\/revisions"}],"wp:featuredmedia":[{"embeddable":true,"href":"https:\/\/www.europesays.com\/fr\/wp-json\/wp\/v2\/media\/99920"}],"wp:attachment":[{"href":"https:\/\/www.europesays.com\/fr\/wp-json\/wp\/v2\/media?parent=99919"}],"wp:term":[{"taxonomy":"category","embeddable":true,"href":"https:\/\/www.europesays.com\/fr\/wp-json\/wp\/v2\/categories?post=99919"},{"taxonomy":"post_tag","embeddable":true,"href":"https:\/\/www.europesays.com\/fr\/wp-json\/wp\/v2\/tags?post=99919"}],"curies":[{"name":"wp","href":"https:\/\/api.w.org\/{rel}","templated":true}]}}