{"id":99927,"date":"2025-05-14T17:53:08","date_gmt":"2025-05-14T17:53:08","guid":{"rendered":"https:\/\/www.europesays.com\/fr\/99927\/"},"modified":"2025-05-14T17:53:08","modified_gmt":"2025-05-14T17:53:08","slug":"eugenie-le-sommer-met-un-terme-a-son-aventure-a-lol-apres-15-annees-passees-au-club","status":"publish","type":"post","link":"https:\/\/www.europesays.com\/fr\/99927\/","title":{"rendered":"Eug\u00e9nie Le Sommer met un terme \u00e0 son aventure \u00e0 l\u2019OL apr\u00e8s 15 ann\u00e9es pass\u00e9es au club"},"content":{"rendered":"<p>L\u2019attaquante de 36 ans quittera Lyon en fin de saison apr\u00e8s 429 matches disput\u00e9s.<\/p>\n<p class=\"fig-paragraph\">C\u2019est un monument de l\u2019OL f\u00e9minin qui s\u2019appr\u00eate \u00e0 faire ses adieux. L\u2019internationale fran\u00e7aise\u00a0<a href=\"http:\/\/www.lefigaro.fr\/sports\/football\/ligue-des-champions\/ligue-des-champions-f-eugenie-le-sommer-depasse-les-100-matchs-joues-dans-la-competition-20250319\" data-fig-type=\"NewsFlash\" data-gtm-custom-categorie=\"navigation\" data-gtm-custom-action=\"crossclick\" data-gtm-custom-label=\"Contextuel\" data-gtm-event=\"customEventSPE\" data-fig-domain=\"LEFIGARO\" target=\"_blank\" rel=\"noopener\">Eug\u00e9nie Le Sommer<\/a>\u00a0a annonc\u00e9 mercredi son d\u00e9part du club avec lequel elle \u00e9tait en fin de contrat. L\u2019attaquante, qui aura 36 ans le 18 mai, disputera vendredi son 429e match avec l&rsquo;Olympique lyonnais face au PSG\u00a0<a href=\"http:\/\/www.lefigaro.fr\/sports\/football\/arkema-premiere-ligue-le-psg-domine-le-paris-fc-et-rejoint-lyon-en-finale-du-championnat-20250511\" data-fig-type=\"NewsFlash\" data-gtm-custom-categorie=\"navigation\" data-gtm-custom-action=\"crossclick\" data-gtm-custom-label=\"Contextuel\" data-gtm-event=\"customEventSPE\" data-fig-domain=\"LEFIGARO\" target=\"_blank\" rel=\"noopener\">en finale de la Premi\u00e8re ligue<\/a>, avec l&rsquo;espoir de d\u00e9crocher un 34e titre.<\/p>\n<p class=\"fig-paragraph\">\u00abApr\u00e8s quinze ans \u00e0 l&rsquo;Olympique lyonnais, il est temps pour moi de vous dire au revoir\u00bb, a-t-elle d\u00e9clar\u00e9 dans une vid\u00e9o diffus\u00e9e sur les r\u00e9seaux sociaux de l&rsquo;OL f\u00e9minin, sans \u00e9voquer son avenir. \u00abCe club est une grande partie de ma vie. Je n&rsquo;oublierai jamais ce coup de t\u00e9l\u00e9phone de\u00a0<a href=\"http:\/\/www.lefigaro.fr\/sports\/football\/ligue-1\/ligue-1-sous-ma-presidence-l-ol-n-avait-jamais-eu-de-probleme-avec-la-dncg-ni-avec-l-uefa-le-reglement-de-compte-se-poursuit-entre-aulas-et-textor-20250509\" data-fig-type=\"NewsFlash\" data-gtm-custom-categorie=\"navigation\" data-gtm-custom-action=\"crossclick\" data-gtm-custom-label=\"Contextuel\" data-gtm-event=\"customEventSPE\" data-fig-domain=\"LEFIGARO\" target=\"_blank\" rel=\"noopener\">Jean-Michel Aulas<\/a> \u00a0me demandant de rejoindre l&rsquo;OL. Merci pour sa confiance et sa vision avant-gardiste\u00bb, ajoute-t-elle.<\/p>\n<p class=\"fig-paragraph\">\u00abJ&rsquo;ai eu la chance de porter ce maillot aupr\u00e8s de joueuses incroyables et de faire partie d&rsquo;une \u00e9quipe qui a marqu\u00e9 l&rsquo;histoire du football f\u00e9minin. Tous ces titres et victoires resteront des souvenirs pour toujours\u00bb, poursuit-elle. La joueuse, qui compte\u00a0<a href=\"http:\/\/www.lefigaro.fr\/sports\/football\/ligue-des-nations\/ligue-des-nations-f-200e-pour-le-sommer-la-liste-des-bleues-devoilee-20250327\" data-fig-type=\"NewsFlash\" data-gtm-custom-categorie=\"navigation\" data-gtm-custom-action=\"crossclick\" data-gtm-custom-label=\"Contextuel\" data-gtm-event=\"customEventSPE\" data-fig-domain=\"LEFIGARO\" target=\"_blank\" rel=\"noopener\">200 s\u00e9lections en \u00e9quipe de France<\/a>\u00a0(94 buts), \u00e9tait arriv\u00e9e en 2010 en provenance de Saint-Brieuc. Eug\u00e9nie Le Sommer a \u00e9galement jou\u00e9 entre juin et d\u00e9cembre 2021 pour OL Reign, une \u00e9quipe am\u00e9ricaine acquise par l&rsquo;OL mais\u00a0<a href=\"http:\/\/www.lefigaro.fr\/sports\/football\/foot-ol-groupe-cede-sa-filiale-feminine-americaine-seattle-reign-fc-a-un-club-de-mls-et-realise-une-belle-plus-value-20240318\" data-fig-type=\"NewsFlash\" data-gtm-custom-categorie=\"navigation\" data-gtm-custom-action=\"crossclick\" data-gtm-custom-label=\"Contextuel\" data-gtm-event=\"customEventSPE\" data-fig-domain=\"LEFIGARO\" target=\"_blank\" rel=\"noopener\">revendue il y a quelques mois<\/a>.<\/p>\n<p class=\"fig-paragraph\">Elle a inscrit 203 buts en championnat avec Lyon. Elle a aussi disput\u00e9 102 matches en Ligue des champions pour cinquante buts ce qui en fait la deuxi\u00e8me buteuse de l&rsquo;histoire de la comp\u00e9tition derri\u00e8re Ada Hegerberg\u00a0<a href=\"http:\/\/www.lefigaro.fr\/sports\/football\/football-ada-hegerberg-prolonge-trois-ans-a-l-ol-20240417\" data-fig-type=\"NewsFlash\" data-gtm-custom-categorie=\"navigation\" data-gtm-custom-action=\"crossclick\" data-gtm-custom-label=\"Contextuel\" data-gtm-event=\"customEventSPE\" data-fig-domain=\"LEFIGARO\" target=\"_blank\" rel=\"noopener\">qui pourrait aussi quitter l&rsquo;OL en fin de saison<\/a>. Lors de l&rsquo;exercice 2024-2025, Le Sommer a disput\u00e9 28 matches toutes comp\u00e9titions confondues dont dix comme titulaire pour onze buts soit un total de 314 en 428 matches.<\/p>\n","protected":false},"excerpt":{"rendered":"L\u2019attaquante de 36 ans quittera Lyon en fin de saison apr\u00e8s 429 matches disput\u00e9s. C\u2019est un monument de&hellip;\n","protected":false},"author":2,"featured_media":99928,"comment_status":"","ping_status":"","sticky":false,"template":"","format":"standard","meta":{"footnotes":""},"categories":[1412],"tags":[454,69,448,83,451,64,450,449,1451,1452,1453,1454,1455,1011,27,452,453,66,446,447,978,70,60,455],"class_list":{"0":"post-99927","1":"post","2":"type-post","3":"status-publish","4":"format-standard","5":"has-post-thumbnail","7":"category-f1","8":"tag-ballon-dor","9":"tag-bundesliga","10":"tag-champions-league","11":"tag-coupe-de-france","12":"tag-coupe-du-monde","13":"tag-equipe-de-france","14":"tag-euro","15":"tag-europa-league","16":"tag-f1","17":"tag-formula-1","18":"tag-formula1","19":"tag-formule-1","20":"tag-formule1","21":"tag-fr","22":"tag-france","23":"tag-italie","24":"tag-liga","25":"tag-ligue-1","26":"tag-ligue-2","27":"tag-ligue-des-champions","28":"tag-olympique-lyonnais","29":"tag-premier-league","30":"tag-sports","31":"tag-uefa"},"share_on_mastodon":{"url":"https:\/\/pubeurope.com\/@fr\/114507468202813989","error":""},"_links":{"self":[{"href":"https:\/\/www.europesays.com\/fr\/wp-json\/wp\/v2\/posts\/99927","targetHints":{"allow":["GET"]}}],"collection":[{"href":"https:\/\/www.europesays.com\/fr\/wp-json\/wp\/v2\/posts"}],"about":[{"href":"https:\/\/www.europesays.com\/fr\/wp-json\/wp\/v2\/types\/post"}],"author":[{"embeddable":true,"href":"https:\/\/www.europesays.com\/fr\/wp-json\/wp\/v2\/users\/2"}],"replies":[{"embeddable":true,"href":"https:\/\/www.europesays.com\/fr\/wp-json\/wp\/v2\/comments?post=99927"}],"version-history":[{"count":0,"href":"https:\/\/www.europesays.com\/fr\/wp-json\/wp\/v2\/posts\/99927\/revisions"}],"wp:featuredmedia":[{"embeddable":true,"href":"https:\/\/www.europesays.com\/fr\/wp-json\/wp\/v2\/media\/99928"}],"wp:attachment":[{"href":"https:\/\/www.europesays.com\/fr\/wp-json\/wp\/v2\/media?parent=99927"}],"wp:term":[{"taxonomy":"category","embeddable":true,"href":"https:\/\/www.europesays.com\/fr\/wp-json\/wp\/v2\/categories?post=99927"},{"taxonomy":"post_tag","embeddable":true,"href":"https:\/\/www.europesays.com\/fr\/wp-json\/wp\/v2\/tags?post=99927"}],"curies":[{"name":"wp","href":"https:\/\/api.w.org\/{rel}","templated":true}]}}