{"id":99933,"date":"2025-05-14T17:56:09","date_gmt":"2025-05-14T17:56:09","guid":{"rendered":"https:\/\/www.europesays.com\/fr\/99933\/"},"modified":"2025-05-14T17:56:09","modified_gmt":"2025-05-14T17:56:09","slug":"fort-boyard-gros-incident-en-plein-tournage-jimmy-mohamed-victime-dune-double-fracture","status":"publish","type":"post","link":"https:\/\/www.europesays.com\/fr\/99933\/","title":{"rendered":"Fort Boyard : gros incident en plein tournage, Jimmy Mohamed victime d\u2019une double fracture"},"content":{"rendered":"<p>Si la majorit\u00e9 des candidats repartent de<strong> \u00ab\u00a0Fort Boyard\u00a0\u00bb<\/strong> avec des souvenirs joyeux plein la t\u00eate, <a href=\"https:\/\/www.public.fr\/repas-rupture-jeune-plus-important-jimmy-mohamed-mise-garde-ramadan\" target=\"_blank\" rel=\"noopener\">Jimmy Mohamed<\/a> risque de d\u00e9roger \u00e0 la r\u00e8gle. Dans le cas o\u00f9 son \u00e9quipe a ramen\u00e9 de nombreux \u00ab\u00a0boyards\u00a0\u00bb pour l\u2019association qu\u2019elle d\u00e9fendait, la pilule sera moins difficile \u00e0 avaler. Dans le cas contraire, l\u2019apr\u00e8s tournage risque de s\u2019av\u00e9rer difficile pour lui.<\/p>\n<p>Et pour cause, le c\u00e9l\u00e8bre m\u00e9decin a \u00e9t\u00e9 victime d\u2019une grave blessure sur le tournage. Selon<a href=\"https:\/\/www.leparisien.fr\/culture-loisirs\/tv\/jimmy-mohamed-victime-dune-double-fracture-apres-un-accident-sur-le-tournage-de-fort-boyard-14-05-2025-Q7BPED6KZBCE3J3EDXG4M666AE.php\" target=\"_blank\" rel=\"noopener\"> nos confr\u00e8res du Parisien<\/a>, celui-ci a chut\u00e9 et <strong>souffre d\u2019une double fracture de la cheville<\/strong>, \u00ab\u00a0qui lui vaut de devoir subir une op\u00e9ration chirurgicale ce jeudi 15 mai\u00a0\u00bb.<\/p>\n<p>L&rsquo;\u00e9preuve de l&rsquo;horlogerie lui a \u00e9t\u00e9 fatale<\/p>\n<p>Mais dans quelles conditions Jimmy Mohamed s\u2019est-il bless\u00e9 ? Toujours d\u2019apr\u00e8s le quotidien, l\u2019accident aurait eu lieu dans l\u2019\u00e9preuve de \u00ab\u00a0l\u2019horlogerie\u00a0\u00bb. Un jeu dans lequel le candidat a pour but de monter sur une plateforme tournante et doit arr\u00eater l\u2019aiguille de sept horloges sur une certaine zone.\u00a0<\/p>\n<p>Dans le cas o\u00f9 il y parvient, il gagne une cl\u00e9 lui permettant de quitter la pi\u00e8ce, la victoire empoch\u00e9e. Selon Le Parisien, ce jeu a \u00e9t\u00e9 remport\u00e9 seulement \u00e0 6 reprises depuis son existence en 2023. \u00c0 savoir la patineuse <a href=\"https:\/\/www.public.fr\/tag\/nathalie-pechalat\" target=\"_blank\" rel=\"noopener\">Nathalie P\u00e9chalat<\/a>, l\u2019ex-Miss France Diane Leyre et le journaliste Jean-Baptiste Marteau.<\/p>\n<p>Jimmy Mohamed aurait chut\u00e9 depuis la plateforme, se tordant la cheville. Malgr\u00e9 la douleur, il a souhait\u00e9 poursuivre le tournage jusqu\u2019\u00e0 son terme. C\u2019est finalement \u00e0 la fin du tournage qu\u2019il a pu faire observer sa blessure et se rendre compte qu\u2019il souffrait d\u2019une double fracture.\u00a0<\/p>\n<p>Jimmy Mohamed a souhait\u00e9 poursuivre le tournage de \u00ab\u00a0Fort Boyard\u00a0\u00bb jusqu&rsquo;\u00e0 son terme<\/p>\n<p><strong>\u00ab\u00a0Effectivement Jimmy Mohamed s\u2019est bless\u00e9 sur le tournage. Nous n\u2019avons pas plus de commentaires \u00e0 apporte\u00a0\u00bb<\/strong>, a confirm\u00e9 Adventure Line Productions \u00e0 nos confr\u00e8res du Parisien. N\u00e9anmoins, le docteur de <strong>\u00ab\u00a0Fort Boyard\u00a0\u00bb<\/strong> n\u2019aurait pas r\u00e9pondu \u00e0 leurs sollicitations.<\/p>\n<p>Toujours selon le quotidien, malgr\u00e9 sa blessure, le m\u00e9decin a pu assurer sa pr\u00e9sence dans <strong>\u00ab\u00a0Le Mag de la sant\u00e9\u00a0\u00bb<\/strong> ce lundi en direct. N\u00e9anmoins, comme le note Le Parisien, il n\u2019a pas pu assurer son traditionnel pr\u00e9g\u00e9n\u00e9rique debout, et a d\u00fb pr\u00e9senter son programme assis, tout au long de l\u2019heure de diffusion.\u00a0<\/p>\n<p>Il n\u2019a cependant fait aucune allusion \u00e0 sa blessure survenu sur le tournage de \u00ab\u00a0<strong>Fort Boyard<\/strong>\u00ab\u00a0, ni \u00e0 l\u2019attelle qu\u2019il portait sur le plateau de son \u00e9mission diffus\u00e9e sur France 5.\u00a0<\/p>\n<p>      Mentionn\u00e9s dans cet article<\/p>\n<p>\u00c0 lire aussi<\/p>\n","protected":false},"excerpt":{"rendered":"Si la majorit\u00e9 des candidats repartent de \u00ab\u00a0Fort Boyard\u00a0\u00bb avec des souvenirs joyeux plein la t\u00eate, Jimmy Mohamed&hellip;\n","protected":false},"author":2,"featured_media":99934,"comment_status":"","ping_status":"","sticky":false,"template":"","format":"standard","meta":{"footnotes":""},"categories":[1359],"tags":[58,21453,59,15745,1011,27,4467,594,973],"class_list":{"0":"post-99933","1":"post","2":"type-post","3":"status-publish","4":"format-standard","5":"has-post-thumbnail","7":"category-people","8":"tag-divertissement","9":"tag-docteur","10":"tag-entertainment","11":"tag-fort-boyard","12":"tag-fr","13":"tag-france","14":"tag-france-5","15":"tag-france-2","16":"tag-people"},"share_on_mastodon":{"url":"https:\/\/pubeurope.com\/@fr\/114507480002518031","error":""},"_links":{"self":[{"href":"https:\/\/www.europesays.com\/fr\/wp-json\/wp\/v2\/posts\/99933","targetHints":{"allow":["GET"]}}],"collection":[{"href":"https:\/\/www.europesays.com\/fr\/wp-json\/wp\/v2\/posts"}],"about":[{"href":"https:\/\/www.europesays.com\/fr\/wp-json\/wp\/v2\/types\/post"}],"author":[{"embeddable":true,"href":"https:\/\/www.europesays.com\/fr\/wp-json\/wp\/v2\/users\/2"}],"replies":[{"embeddable":true,"href":"https:\/\/www.europesays.com\/fr\/wp-json\/wp\/v2\/comments?post=99933"}],"version-history":[{"count":0,"href":"https:\/\/www.europesays.com\/fr\/wp-json\/wp\/v2\/posts\/99933\/revisions"}],"wp:featuredmedia":[{"embeddable":true,"href":"https:\/\/www.europesays.com\/fr\/wp-json\/wp\/v2\/media\/99934"}],"wp:attachment":[{"href":"https:\/\/www.europesays.com\/fr\/wp-json\/wp\/v2\/media?parent=99933"}],"wp:term":[{"taxonomy":"category","embeddable":true,"href":"https:\/\/www.europesays.com\/fr\/wp-json\/wp\/v2\/categories?post=99933"},{"taxonomy":"post_tag","embeddable":true,"href":"https:\/\/www.europesays.com\/fr\/wp-json\/wp\/v2\/tags?post=99933"}],"curies":[{"name":"wp","href":"https:\/\/api.w.org\/{rel}","templated":true}]}}