{"id":999330,"date":"2026-06-14T09:58:33","date_gmt":"2026-06-14T09:58:33","guid":{"rendered":"https:\/\/www.europesays.com\/fr\/999330\/"},"modified":"2026-06-14T09:58:33","modified_gmt":"2026-06-14T09:58:33","slug":"la-prisonniere-de-bordeaux-isabelle-huppert-et-hafsia-herzi-dans-un-huis-clos-social","status":"publish","type":"post","link":"https:\/\/www.europesays.com\/fr\/999330\/","title":{"rendered":"\u201cLa Prisonni\u00e8re de Bordeaux\u201d : Isabelle Huppert et Hafsia Herzi dans un huis clos social"},"content":{"rendered":"<p>                   <img fetchpriority=\"high\" decoding=\"async\" class=\"mx-auto\" src=\"data:image\/svg+xml,%3Csvg%20xmlns%3D%27http%3A%2F%2Fwww.w3.org%2F2000%2Fsvg%27%20fill%3D%22%23e4e4e4%22%20viewBox%3D%270%200%20510%20340%27%20width%3D%22510%22%20height%3D%22340%22%3E%3Cpath%20d%3D%27M0%200h510v340H0z%27%2F%3E%3C%2Fsvg%3E\"  loading=\"eager\" width=\"510\" height=\"340\" data-oncrawl-image-size=\"510x340\" alt=\"Hafsia Herzi, Isabelle Huppert dans \u00ab\u00a0La Prisonni\u00e8re de Bordeaux\u00a0\u00bb\"\/>      <\/p>\n<p class=\"latino-100m text-grey-600\">  Hafsia Herzi, Isabelle Huppert dans \u00ab\u00a0La Prisonni\u00e8re de Bordeaux\u00a0\u00bb\u00a0RECTANGLE PRODUCTIONS \/ PLAN B  <\/p>\n<p class=\"node__paragraphe antonia-750r text-grey-800 pb-24 pb-md-32\"> Alma (Isabelle Huppert), bourgeoise fantaisiste qui combat l\u2019ennui \u00e0 coups de mensonges, visite en prison son mari, coupable d\u2019avoir fauch\u00e9, en \u00e9tat d\u2019ivresse, deux pi\u00e9tons. Mina (Hafsia Herzi), m\u00e8re de deux enfants, trime dans un pressing et fait des heures de bus pour voir le sien dans les m\u00eames parloirs. Rien ne les r\u00e9unit. Si Mina aime son \u00e9poux, Alma &#8211; femme tromp\u00e9e &#8211; subit l\u2019emprise du sien. <\/p>\n<p class=\"node__paragraphe antonia-750r text-grey-800 pb-24 pb-md-32\"> Si Alma a pour elle ses relations, Mina, cern\u00e9e de malfrats, tra\u00eene derri\u00e8re elle les cons\u00e9quences des actes de son conjoint. Contre toute attente, Alma prend pourtant Mina sous sa protection, lui trouve un job et l\u2019h\u00e9berge avec ses gosses dans sa belle demeure ceinte de barres d\u2019immeubles et d\u00e9cor\u00e9e de toiles de prix. <\/p>\n<p>                                       Des positions dominante\/domin\u00e9e                              <\/p>\n<p class=\"node__paragraphe antonia-750r text-grey-800 pb-24 pb-md-32\"> Auteure marxisante \u00e0 la filmographie libre et emballante (\u00ab Saint-Cyr \u00bb, un \u00ab Full Metal \u00bb du XVIIe si\u00e8cle, \u00ab Paul Sanchez est revenu\u00a0! \u00bb, vaguement inspir\u00e9 de l\u2019affaire Dupont de Ligonn\u00e8s), Patricia Mazuy signe un film sur la lutte des classes, ces classes que rien, jamais, ne saurait abolir. Car, peu \u00e0 peu, les deux femmes voient leur fragile cohabitation grignot\u00e9e par leurs positions dominante\/domin\u00e9e. Comme lors de cette soir\u00e9e o\u00f9, victimes de leurs pr\u00e9jug\u00e9s, les invit\u00e9s d\u2019Alma prennent Mina pour l\u2019employ\u00e9e de maison. <\/p>\n<p class=\"node__paragraphe antonia-750r text-grey-800 pb-24 pb-md-32\"> Et puis il y a les hommes, autre visage de la domination, dont la r\u00e9alisatrice a si bien d\u00e9peint la reconduction de la violence dans l\u2019oppressant \u00ab Bowling Saturne \u00bb, et dont Mina va aider Alma \u00e0 s\u2019affranchir. La cin\u00e9aste m\u00e8ne toujours le jeu l\u00e0 o\u00f9 on ne l\u2019attend pas, \u00e0 sa fa\u00e7on, d\u00e9routante et ludique. Elle confie ici \u00e0 Isabelle Huppert le soin de tirer Alma, personnage r\u00e9tif au r\u00e9el, enferm\u00e9e dans un amour tari et un manoir trop grand pour elle, vers une com\u00e9die discordante o\u00f9 les antagonismes larv\u00e9s s\u2019expriment sans le moindre manich\u00e9isme. <\/p>\n<p class=\"node__paragraphe antonia-750r text-grey-800 pb-24 pb-md-32\"> Que se prend-on\u00a0? Que se donne-t-on\u00a0? Mina s\u2019en sortira par une trahison, prouvant ainsi le bien-fond\u00e9 des a priori d\u2019Alma\u00a0; Alma, par la fuite, confirmant ainsi leur impossible conciliation dans cette tr\u00e8s politique \u00ab Prisonni\u00e8re de Bordeaux \u00bb \u00e9crite par Patricia Mazuy avec Pierre Courr\u00e8ge et Fran\u00e7ois B\u00e9gaudeau. <\/p>\n<p> \u25d7 Samedi 13\u00a0juin \u00e0 20h50\u00a0sur OCS. Drame fran\u00e7ais de Patricia Mazuy (2024). Avec Isabelle Huppert, Hafsia Herzi, Noor Elsari. 1h48. <\/p>\n","protected":false},"excerpt":{"rendered":"Hafsia Herzi, Isabelle Huppert dans \u00ab\u00a0La Prisonni\u00e8re de Bordeaux\u00a0\u00bb\u00a0RECTANGLE PRODUCTIONS \/ PLAN B Alma (Isabelle Huppert), bourgeoise fantaisiste&hellip;\n","protected":false},"author":2,"featured_media":999331,"comment_status":"","ping_status":"","sticky":false,"template":"","format":"standard","meta":{"footnotes":"","_share_on_mastodon":"0"},"categories":[2817],"tags":[5734,1111,11,1997,6399,1777,674,1011,27,104815,104816,6691,104814,55446,12,2219,104813,25,11928],"class_list":["post-999330","post","type-post","status-publish","format-standard","has-post-thumbnail","category-bordeaux","tag-5734","tag-actu","tag-actualites","tag-bordeaux","tag-ce-soir-a-la-tele","tag-eu","tag-europe","tag-fr","tag-france","tag-hafsia","tag-herzi","tag-huis","tag-huppert","tag-isabelle","tag-news","tag-nouvelle-aquitaine","tag-prisonniere","tag-republique-francaise","tag-teleobs"],"share_on_mastodon":{"url":"https:\/\/pubeurope.com\/@fr\/116747875683804947","error":""},"_links":{"self":[{"href":"https:\/\/www.europesays.com\/fr\/wp-json\/wp\/v2\/posts\/999330","targetHints":{"allow":["GET"]}}],"collection":[{"href":"https:\/\/www.europesays.com\/fr\/wp-json\/wp\/v2\/posts"}],"about":[{"href":"https:\/\/www.europesays.com\/fr\/wp-json\/wp\/v2\/types\/post"}],"author":[{"embeddable":true,"href":"https:\/\/www.europesays.com\/fr\/wp-json\/wp\/v2\/users\/2"}],"replies":[{"embeddable":true,"href":"https:\/\/www.europesays.com\/fr\/wp-json\/wp\/v2\/comments?post=999330"}],"version-history":[{"count":0,"href":"https:\/\/www.europesays.com\/fr\/wp-json\/wp\/v2\/posts\/999330\/revisions"}],"wp:featuredmedia":[{"embeddable":true,"href":"https:\/\/www.europesays.com\/fr\/wp-json\/wp\/v2\/media\/999331"}],"wp:attachment":[{"href":"https:\/\/www.europesays.com\/fr\/wp-json\/wp\/v2\/media?parent=999330"}],"wp:term":[{"taxonomy":"category","embeddable":true,"href":"https:\/\/www.europesays.com\/fr\/wp-json\/wp\/v2\/categories?post=999330"},{"taxonomy":"post_tag","embeddable":true,"href":"https:\/\/www.europesays.com\/fr\/wp-json\/wp\/v2\/tags?post=999330"}],"curies":[{"name":"wp","href":"https:\/\/api.w.org\/{rel}","templated":true}]}}