{"id":999346,"date":"2026-06-14T10:06:20","date_gmt":"2026-06-14T10:06:20","guid":{"rendered":"https:\/\/www.europesays.com\/fr\/999346\/"},"modified":"2026-06-14T10:06:20","modified_gmt":"2026-06-14T10:06:20","slug":"pres-de-lyon-une-creation-mondiale-pour-celebrer-saint-exupery","status":"publish","type":"post","link":"https:\/\/www.europesays.com\/fr\/999346\/","title":{"rendered":"Pr\u00e8s de Lyon. Une cr\u00e9ation mondiale pour c\u00e9l\u00e9brer Saint-Exup\u00e9ry &#8211;"},"content":{"rendered":"<p>\t\t\t\t<img fetchpriority=\"high\" decoding=\"async\" width=\"900\" height=\"600\" src=\"https:\/\/www.europesays.com\/fr\/wp-content\/uploads\/2026\/06\/01-concert-petit-prince.png\" alt=\"\" title=\"01 concert-petit-prince\"   class=\"wp-image-177961\"\/><\/p>\n<p><strong>Texte : Fanny Suteau<\/strong>\u00a0\u2013 L\u2019\u00e9glise Saint-Luc de Sainte-Foy-l\u00e8s-Lyon accueillera prochainement un \u00e9v\u00e9nement in\u00e9dit : une \u0153uvre musicale inspir\u00e9e du\u00a0Petit Prince. Port\u00e9e par l\u2019association Objectif Culture, cette soir\u00e9e exceptionnelle r\u00e9unira artistes, musiciens, ch\u0153urs et com\u00e9dien autour du chef-d\u2019\u0153uvre intemporel d\u2019Antoine de Saint-Exup\u00e9ry, \u00e0 l\u2019occasion du 80e anniversaire de sa disparition.<\/p>\n<p>Il y a des rendez-vous qui d\u00e9passent le simple cadre d\u2019un concert. Des soir\u00e9es o\u00f9 la musique, la po\u00e9sie et l\u2019\u00e9motion semblent se donner rendez-vous sous une m\u00eame vo\u00fbte. C\u2019est pr\u00e9cis\u00e9ment ce que promet Objectif Culture pour cl\u00f4turer sa saison artistique. Depuis plus de 20 ans, l\u2019association fid\u00e9sienne d\u00e9fend une culture \u00ab\u00a0exigeante mais accessible\u00a0\u00bb, convaincue que l\u2019art reste l\u2019un des plus beaux moyens de cr\u00e9er du lien.<\/p>\n<p>Avant le temps fort de la soir\u00e9e, le public pourra red\u00e9couvrir l\u2019une des \u0153uvres de jeunesse les plus marquantes de <strong>Jean-S\u00e9bastien Bach<\/strong> : la Cantate BWV 131. Interpr\u00e9t\u00e9e par le Ch\u0153ur mixte de la Primatiale de Lyon, sous la direction de <strong>Thomas Avrillon<\/strong>, cette partition fera dialoguer les voix, le hautbois et l\u2019orgue dans l\u2019\u00e9crin de l\u2019\u00e9glise Saint-Luc.<\/p>\n<p><strong>Le Petit Prince mis en musique pour la premi\u00e8re fois<\/strong><\/p>\n<p>Mais l\u2019\u00e9v\u00e9nement attendu se jouera ensuite autour d\u2019un texte que chacun croit conna\u00eetre et qui pourtant ne cesse de se r\u00e9inventer. Pour la premi\u00e8re fois,\u00a0Le Petit Prince\u00a0d\u2019<strong>Antoine de Saint-Exup\u00e9ry <\/strong>sera port\u00e9 par une cr\u00e9ation musicale originale imagin\u00e9e par <strong>Dominique Vellard<\/strong> et <strong>Gilberto Scordari<\/strong>, figures de l\u2019Ensemble Gilles Binchois.<\/p>\n<p><img loading=\"lazy\" decoding=\"async\" aria-describedby=\"caption-attachment-177962\" class=\"size-full wp-image-177962\" src=\"data:image\/svg+xml,%3Csvg%20xmlns=\" http:=\"\" alt=\"\" width=\"900\" height=\"675\" data-lazy- data-lazy- data-lazy-src=\"https:\/\/www.europesays.com\/fr\/wp-content\/uploads\/2026\/06\/03-concert-petit-prince.jpeg\"\/><\/p>\n<p id=\"caption-attachment-177962\" class=\"wp-caption-text\">Dominique Vellard et Gilberto Scordari<\/p>\n<p>Autour du com\u00e9dien <strong>Fred Cacheux<\/strong>, cette fresque musicale r\u00e9unira le prestigieux Quatuor Debussy, l\u2019Ensemble Gilles Binchois, la Ma\u00eetrise Lyon-Cath\u00e9drale ainsi que la Musique de l\u2019Artillerie de Lyon. Un plateau exceptionnel plac\u00e9 sous la direction de <strong>Simon H\u00e9berl\u00e9<\/strong>.<\/p>\n<p>80 ans apr\u00e8s la disparition de l\u2019\u00e9crivain-aviateur lyonnais, cette cr\u00e9ation mondiale promet de faire r\u00e9sonner autrement les mots du Petit Prince. Une invitation \u00e0 retrouver, le temps d\u2019une soir\u00e9e, cette part d\u2019enfance qui sommeille en chacun de nous.<\/p>\n<p><strong>&gt; Infos pratiques :<\/strong><\/p>\n<p><strong>Le Petit Prince<\/strong><br \/><strong>Mardi 23 juin 2026 \u00e0 20h\u00a0<\/strong><br \/><strong>\u00c9glise Saint-Luc \u2013 Sainte-Foy-l\u00e8s-Lyon<\/strong><\/p>\n<p><strong>Billetterie :<br \/><\/strong>Mercerie Gde rue \/ Librairie presse St Luc \/ HelloAsso<\/p>\n<p><strong>Tarifs :<br \/><\/strong>\u2013 \u00c0 l\u2019avance : 20\u20ac\/15\u20ac (adh\u00e9rents et \u00e9tudiants)<br \/>\u2013 \u00c0 l\u2019entr\u00e9e : 22\u20ac\/18\u20ac (adh\u00e9rents et \u00e9tudiants)<br \/>\u2013 Gratuit moins de 12 ans<\/p>\n","protected":false},"excerpt":{"rendered":"Texte : Fanny Suteau\u00a0\u2013 L\u2019\u00e9glise Saint-Luc de Sainte-Foy-l\u00e8s-Lyon accueillera prochainement un \u00e9v\u00e9nement in\u00e9dit : une \u0153uvre musicale inspir\u00e9e&hellip;\n","protected":false},"author":2,"featured_media":999347,"comment_status":"","ping_status":"","sticky":false,"template":"","format":"standard","meta":{"footnotes":"","_share_on_mastodon":"0"},"categories":[1889],"tags":[4257,1111,47,4258,11,2430,1697,1777,674,1011,27,2428,12,7055,25],"class_list":["post-999346","post","type-post","status-publish","format-standard","has-post-thumbnail","category-lyon","tag-0top","tag-actu","tag-actualite","tag-actualite-lyon","tag-actualites","tag-auvergne-rhone-alpes","tag-concert","tag-eu","tag-europe","tag-fr","tag-france","tag-lyon","tag-news","tag-petit-prince","tag-republique-francaise"],"share_on_mastodon":{"url":"https:\/\/pubeurope.com\/@fr\/116747908310698731","error":""},"_links":{"self":[{"href":"https:\/\/www.europesays.com\/fr\/wp-json\/wp\/v2\/posts\/999346","targetHints":{"allow":["GET"]}}],"collection":[{"href":"https:\/\/www.europesays.com\/fr\/wp-json\/wp\/v2\/posts"}],"about":[{"href":"https:\/\/www.europesays.com\/fr\/wp-json\/wp\/v2\/types\/post"}],"author":[{"embeddable":true,"href":"https:\/\/www.europesays.com\/fr\/wp-json\/wp\/v2\/users\/2"}],"replies":[{"embeddable":true,"href":"https:\/\/www.europesays.com\/fr\/wp-json\/wp\/v2\/comments?post=999346"}],"version-history":[{"count":0,"href":"https:\/\/www.europesays.com\/fr\/wp-json\/wp\/v2\/posts\/999346\/revisions"}],"wp:featuredmedia":[{"embeddable":true,"href":"https:\/\/www.europesays.com\/fr\/wp-json\/wp\/v2\/media\/999347"}],"wp:attachment":[{"href":"https:\/\/www.europesays.com\/fr\/wp-json\/wp\/v2\/media?parent=999346"}],"wp:term":[{"taxonomy":"category","embeddable":true,"href":"https:\/\/www.europesays.com\/fr\/wp-json\/wp\/v2\/categories?post=999346"},{"taxonomy":"post_tag","embeddable":true,"href":"https:\/\/www.europesays.com\/fr\/wp-json\/wp\/v2\/tags?post=999346"}],"curies":[{"name":"wp","href":"https:\/\/api.w.org\/{rel}","templated":true}]}}