{"id":9994,"date":"2025-04-08T10:47:09","date_gmt":"2025-04-08T10:47:09","guid":{"rendered":"https:\/\/www.europesays.com\/fr\/9994\/"},"modified":"2025-04-08T10:47:09","modified_gmt":"2025-04-08T10:47:09","slug":"rune-boden-je-nai-pas-pu-les-lacher-actualite","status":"publish","type":"post","link":"https:\/\/www.europesays.com\/fr\/9994\/","title":{"rendered":"Rune Boden : \u00ab Je n\u2019ai pas pu les l\u00e2cher \u00bb &#8211; Actualit\u00e9"},"content":{"rendered":"<p style=\"text-align: justify;\">Rune Boden a tout tent\u00e9. Le Belge \u00e9tait le plus vaillant sur les derniers secteurs pav\u00e9s, ce dimanche, de la P\u00e9v\u00e8le Carembault Classic, mais il n\u2019a pas pu se d\u00e9barrasser de ses compagnons d\u2019\u00e9chapp\u00e9e. \u201cJe me sentais bien, je pense que j\u2019\u00e9tais l\u2019un des plus forts, mais je n\u2019ai pas pu les l\u00e2cher. J\u2019ai essay\u00e9 plusieurs fois, mais \u00e7a n\u2019a pas fonctionn\u00e9\u201c, souffle au micro de DirectVelo l\u2019habituel pensionnaire d\u2019Avia-Rudyco qui portait pour l\u2019occasion les couleurs de Soudal Quick-Step U19 qui emmenait une \u00e9quipe mixte.<\/p>\n<p>Pourtant, en d\u00e9but de course, le coureur de 17 ans ne se sentait pas tr\u00e8s bien, avant de se refaire la cerise. \u201cMes jambes n\u2019\u00e9taient pas tr\u00e8s bonnes. Mais au bout de 50 kilom\u00e8tres, deux gars ont acc\u00e9l\u00e9r\u00e9 et j\u2019ai suivi. J\u2019ai saisi l\u2019opportunit\u00e9\u201c. Le Junior 2 s\u2019est retrouv\u00e9 en compagnie de Valentin Martinet (Auvergne-Rh\u00f4ne-Alpes), Gabin Gicquel (Bretagne), Tom Champenois (Bourgogne-Franche-Comt\u00e9) et son compatriote Kamiel Hannes (Acrog-Tormans). \u201cOn a tr\u00e8s bien travaill\u00e9 ensemble. Puis l\u2019un d\u2019entre eux a eu un probl\u00e8me m\u00e9canique (Tom Champenois) et un autre \u00e9tait \u00e9puis\u00e9 (Gabin Gicquel). Donc on n\u2019\u00e9tait plus que trois \u00e0 la fin\u201c. Apr\u00e8s ses multiples d\u00e9marrages, c\u2019est encore lui qui a roul\u00e9 dans le dernier kilom\u00e8tre et a lanc\u00e9 le sprint, sans succ\u00e8s. \u201cJe ne suis pas explosif, j\u2019ai essay\u00e9 de d\u00e9marrer t\u00f4t, mais comme j\u2019\u00e9tais en t\u00eate, \u00e7a n\u2019a pas vraiment march\u00e9. N\u00e9anmoins, je suis content de ma 3e place (<strong><a href=\"https:\/\/www.directvelo.com\/actualite\/119684\/pevele-carembault-classic-classement\" target=\"_blank\" rel=\"nofollow noopener\">voir classement<\/a><\/strong>)\u201c.<\/p>\n<p>Rune Boden a particip\u00e9, en ce d\u00e9but de saison, aux diff\u00e9rentes \u00e9preuves UCI en Belgique sans trop se distinguer (<strong><a href=\"https:\/\/www.directvelo.com\/coureur\/60028\/rune-boden\" target=\"_blank\" rel=\"nofollow noopener\">voir sa fiche DirectVelo<\/a><\/strong>). \u201cJ\u2019ai v\u00e9cu une tr\u00e8s belle campagne mais les r\u00e9sultats ne refl\u00e9taient pas ma force. Je suis tr\u00e8s heureux d\u2019obtenir enfin un beau r\u00e9sultat\u201c. D\u00e9sormais, le 3e du chrono de Borlo va prendre part au contre-la-montre de sa province flamande, puis \u00e0 la premi\u00e8re \u00e9preuve de la Coupe de Belgique Juniors, le Grand Prix Ferdinand Bracke-Walcourt, le 13 avril prochain.<\/p>\n","protected":false},"excerpt":{"rendered":"Rune Boden a tout tent\u00e9. Le Belge \u00e9tait le plus vaillant sur les derniers secteurs pav\u00e9s, ce dimanche,&hellip;\n","protected":false},"author":2,"featured_media":9995,"comment_status":"","ping_status":"","sticky":false,"template":"","format":"standard","meta":{"footnotes":""},"categories":[1411],"tags":[834,828,836,829,837,827,83,826,824,823,1154,207,814,817,815,816,822,821,832,211,839,1011,27,820,818,819,835,831,830,833,838,60,212,208,825],"class_list":{"0":"post-9994","1":"post","2":"type-post","3":"status-publish","4":"format-standard","5":"has-post-thumbnail","7":"category-cyclisme","8":"tag-attaque","9":"tag-belgique","10":"tag-braquet","11":"tag-bretagne","12":"tag-chute","13":"tag-competition","14":"tag-coupe-de-france","15":"tag-coureur","16":"tag-course-cyclisme","17":"tag-course-cycliste","18":"tag-cycling","19":"tag-cyclisme","20":"tag-direct","21":"tag-direct-velo","22":"tag-directvelo","23":"tag-directvelo-com","24":"tag-epreuve","25":"tag-epreuve-cycliste","26":"tag-federation-francaise-de-cyclisme","27":"tag-ffc","28":"tag-flandres","29":"tag-fr","30":"tag-france","31":"tag-live","32":"tag-live-course","33":"tag-live-epreuve","34":"tag-peloton","35":"tag-radio-peloton","36":"tag-radio-tour","37":"tag-ravitaillement","38":"tag-relance","39":"tag-sports","40":"tag-uci","41":"tag-velo","42":"tag-velos"},"share_on_mastodon":{"url":"https:\/\/pubeurope.com\/@fr\/114301950000069092","error":""},"_links":{"self":[{"href":"https:\/\/www.europesays.com\/fr\/wp-json\/wp\/v2\/posts\/9994","targetHints":{"allow":["GET"]}}],"collection":[{"href":"https:\/\/www.europesays.com\/fr\/wp-json\/wp\/v2\/posts"}],"about":[{"href":"https:\/\/www.europesays.com\/fr\/wp-json\/wp\/v2\/types\/post"}],"author":[{"embeddable":true,"href":"https:\/\/www.europesays.com\/fr\/wp-json\/wp\/v2\/users\/2"}],"replies":[{"embeddable":true,"href":"https:\/\/www.europesays.com\/fr\/wp-json\/wp\/v2\/comments?post=9994"}],"version-history":[{"count":0,"href":"https:\/\/www.europesays.com\/fr\/wp-json\/wp\/v2\/posts\/9994\/revisions"}],"wp:featuredmedia":[{"embeddable":true,"href":"https:\/\/www.europesays.com\/fr\/wp-json\/wp\/v2\/media\/9995"}],"wp:attachment":[{"href":"https:\/\/www.europesays.com\/fr\/wp-json\/wp\/v2\/media?parent=9994"}],"wp:term":[{"taxonomy":"category","embeddable":true,"href":"https:\/\/www.europesays.com\/fr\/wp-json\/wp\/v2\/categories?post=9994"},{"taxonomy":"post_tag","embeddable":true,"href":"https:\/\/www.europesays.com\/fr\/wp-json\/wp\/v2\/tags?post=9994"}],"curies":[{"name":"wp","href":"https:\/\/api.w.org\/{rel}","templated":true}]}}