{"id":99953,"date":"2025-05-14T18:06:10","date_gmt":"2025-05-14T18:06:10","guid":{"rendered":"https:\/\/www.europesays.com\/fr\/99953\/"},"modified":"2025-05-14T18:06:10","modified_gmt":"2025-05-14T18:06:10","slug":"la-chine-suspend-certaines-contre-mesures-non-douanieres-apres-sa-treve-avec-les-etats-unis","status":"publish","type":"post","link":"https:\/\/www.europesays.com\/fr\/99953\/","title":{"rendered":"La Chine suspend certaines contre-mesures non douani\u00e8res apr\u00e8s sa tr\u00eave avec les \u00c9tats-Unis"},"content":{"rendered":"<p>P\u00e9kin a annonc\u00e9 suspendre pour 90 jours certaines restrictions visant des entit\u00e9s am\u00e9ricaines, apr\u00e8s que les deux pays ont convenu le week-end dernier de baisser les droits de douane sur les importations r\u00e9ciproques.<\/p>\n<p class=\"fig-paragraph\">La Chine a annonc\u00e9 ce mercredi qu&rsquo;elle suspendait certaines contre-mesures non douani\u00e8res prises \u00e0 l&rsquo;encontre des \u00c9tats-Unis, apr\u00e8s que P\u00e9kin et Washington ont convenu le week-end dernier de\u00a0<a href=\"http:\/\/www.lefigaro.fr\/conjoncture\/guerre-commerciale-treve-entre-la-chine-et-les-etats-unis-20250512\" target=\"_blank\" data-fig-type=\"Article\" rel=\"noopener\" data-gtm-custom-categorie=\"navigation\" data-gtm-custom-action=\"crossclick\" data-gtm-custom-label=\"Contextuel\" data-gtm-event=\"customEventSPE\" data-fig-domain=\"LEFIGARO\">baisser les droits de douane<\/a>\u00a0sur les importations r\u00e9ciproques, dans le cadre d&rsquo;une nouvelle d\u00e9sescalade de leur guerre commerciale.<\/p>\n<p class=\"fig-paragraph\">P\u00e9kin va suspendre certaines restrictions pour des dizaines d&rsquo;entit\u00e9s am\u00e9ricaines pendant 90 jours afin de \u00abmettre en \u0153uvre le consensus atteint lors des n\u00e9gociations \u00e9conomiques et commerciales de haut niveau\u00bb qui se sont tenues entre les deux pays, a d\u00e9clar\u00e9 un porte-parole du minist\u00e8re chinois du Commerce dans un communiqu\u00e9 publi\u00e9 en ligne.<\/p>\n<p class=\"fig-paragraph\">Plus d\u2019informations \u00e0 venir&#8230;<\/p>\n","protected":false},"excerpt":{"rendered":"P\u00e9kin a annonc\u00e9 suspendre pour 90 jours certaines restrictions visant des entit\u00e9s am\u00e9ricaines, apr\u00e8s que les deux pays&hellip;\n","protected":false},"author":2,"featured_media":99954,"comment_status":"","ping_status":"","sticky":false,"template":"","format":"standard","meta":{"footnotes":""},"categories":[6],"tags":[339,340,35,343,345,309,350,130,344,352,349,33,34,341,313,73,1011,27,346,1074,342,353,351,347,348,354],"class_list":{"0":"post-99953","1":"post","2":"type-post","3":"status-publish","4":"format-standard","5":"has-post-thumbnail","7":"category-economie","8":"tag-actualite-economique","9":"tag-bourse","10":"tag-business","11":"tag-cac-40","12":"tag-chef-dentreprise","13":"tag-chine","14":"tag-concurrence","15":"tag-consommation","16":"tag-creation-dentreprise","17":"tag-crise","18":"tag-delocalisations","19":"tag-economie","20":"tag-economy","21":"tag-emploi","22":"tag-entreprises","23":"tag-etats-unis","24":"tag-fr","25":"tag-france","26":"tag-grands-patrons","27":"tag-guerre-commerciale","28":"tag-impots","29":"tag-licenciements","30":"tag-monopole","31":"tag-multinationales","32":"tag-privatisation","33":"tag-unio"},"share_on_mastodon":{"url":"https:\/\/pubeurope.com\/@fr\/114507519337558947","error":""},"_links":{"self":[{"href":"https:\/\/www.europesays.com\/fr\/wp-json\/wp\/v2\/posts\/99953","targetHints":{"allow":["GET"]}}],"collection":[{"href":"https:\/\/www.europesays.com\/fr\/wp-json\/wp\/v2\/posts"}],"about":[{"href":"https:\/\/www.europesays.com\/fr\/wp-json\/wp\/v2\/types\/post"}],"author":[{"embeddable":true,"href":"https:\/\/www.europesays.com\/fr\/wp-json\/wp\/v2\/users\/2"}],"replies":[{"embeddable":true,"href":"https:\/\/www.europesays.com\/fr\/wp-json\/wp\/v2\/comments?post=99953"}],"version-history":[{"count":0,"href":"https:\/\/www.europesays.com\/fr\/wp-json\/wp\/v2\/posts\/99953\/revisions"}],"wp:featuredmedia":[{"embeddable":true,"href":"https:\/\/www.europesays.com\/fr\/wp-json\/wp\/v2\/media\/99954"}],"wp:attachment":[{"href":"https:\/\/www.europesays.com\/fr\/wp-json\/wp\/v2\/media?parent=99953"}],"wp:term":[{"taxonomy":"category","embeddable":true,"href":"https:\/\/www.europesays.com\/fr\/wp-json\/wp\/v2\/categories?post=99953"},{"taxonomy":"post_tag","embeddable":true,"href":"https:\/\/www.europesays.com\/fr\/wp-json\/wp\/v2\/tags?post=99953"}],"curies":[{"name":"wp","href":"https:\/\/api.w.org\/{rel}","templated":true}]}}