{"id":999560,"date":"2026-06-14T12:35:41","date_gmt":"2026-06-14T12:35:41","guid":{"rendered":"https:\/\/www.europesays.com\/fr\/999560\/"},"modified":"2026-06-14T12:35:41","modified_gmt":"2026-06-14T12:35:41","slug":"ou-va-votre-sang-apres-le-don-le-parcours-vital-et-millimetre-depuis-marseille","status":"publish","type":"post","link":"https:\/\/www.europesays.com\/fr\/999560\/","title":{"rendered":"O\u00f9 va votre sang apr\u00e8s le don ? Le parcours vital et millim\u00e9tr\u00e9 depuis Marseille"},"content":{"rendered":"<p>Direction la collation ensuite pour les donneurs qui ignorent pour la plupart o\u00f9 va leur sang. Alexandre, un fid\u00e8le, avoue lui aussi n\u2019en \u00ab\u00a0avoir aucune id\u00e9e\u00a0\u00bb. Pourtant, d\u00e8s le sang pr\u00e9lev\u00e9, une v\u00e9ritable course s\u2019engage. S\u00e9bastien Linossier, cadre m\u00e9dico-technique de l\u2019\u00c9tablissement fran\u00e7ais du sang (EFS) rappelle ainsi que \u00ab\u00a0tout le processus du don \u00e0 la transfusion est optimis\u00e9\u00a0\u00bb. Entre pr\u00e9caution et rapidit\u00e9, l\u2019organisation est millim\u00e9tr\u00e9e.<\/p>\n<p>Un double traitement<\/p>\n<p>Dans les bassines, s\u2019accumulent les poches qui sont directement achemin\u00e9es par camion sur le plateau de la Valentine, qui centralise toutes les poches du territoire Paca et de la Corse. Pas question de perdre du temps\u00a0: 35\u00a0personnes en blouse, dont le blanc d\u00e9note avec le rouge du sang, se relaient. D\u00e8s leur arriv\u00e9e, les poches sont pli\u00e9es dans des conteneurs direction la&#8230;<\/p>\n","protected":false},"excerpt":{"rendered":"Direction la collation ensuite pour les donneurs qui ignorent pour la plupart o\u00f9 va leur sang. Alexandre, un&hellip;\n","protected":false},"author":2,"featured_media":999561,"comment_status":"","ping_status":"","sticky":false,"template":"","format":"standard","meta":{"footnotes":"","_share_on_mastodon":"0"},"categories":[2814],"tags":[5734,1111,11,150,13554,1777,674,1011,27,884,104832,12,12618,882,25,7233,71,39231,15161],"class_list":["post-999560","post","type-post","status-publish","format-standard","has-post-thumbnail","category-marseille","tag-5734","tag-actu","tag-actualites","tag-apres","tag-don","tag-eu","tag-europe","tag-fr","tag-france","tag-marseille","tag-millimetre","tag-news","tag-parcours","tag-provence-alpes-cote-dazur","tag-republique-francaise","tag-sang","tag-sante","tag-vital","tag-votre"],"share_on_mastodon":{"url":"https:\/\/pubeurope.com\/@fr\/116748492940735161","error":""},"_links":{"self":[{"href":"https:\/\/www.europesays.com\/fr\/wp-json\/wp\/v2\/posts\/999560","targetHints":{"allow":["GET"]}}],"collection":[{"href":"https:\/\/www.europesays.com\/fr\/wp-json\/wp\/v2\/posts"}],"about":[{"href":"https:\/\/www.europesays.com\/fr\/wp-json\/wp\/v2\/types\/post"}],"author":[{"embeddable":true,"href":"https:\/\/www.europesays.com\/fr\/wp-json\/wp\/v2\/users\/2"}],"replies":[{"embeddable":true,"href":"https:\/\/www.europesays.com\/fr\/wp-json\/wp\/v2\/comments?post=999560"}],"version-history":[{"count":0,"href":"https:\/\/www.europesays.com\/fr\/wp-json\/wp\/v2\/posts\/999560\/revisions"}],"wp:featuredmedia":[{"embeddable":true,"href":"https:\/\/www.europesays.com\/fr\/wp-json\/wp\/v2\/media\/999561"}],"wp:attachment":[{"href":"https:\/\/www.europesays.com\/fr\/wp-json\/wp\/v2\/media?parent=999560"}],"wp:term":[{"taxonomy":"category","embeddable":true,"href":"https:\/\/www.europesays.com\/fr\/wp-json\/wp\/v2\/categories?post=999560"},{"taxonomy":"post_tag","embeddable":true,"href":"https:\/\/www.europesays.com\/fr\/wp-json\/wp\/v2\/tags?post=999560"}],"curies":[{"name":"wp","href":"https:\/\/api.w.org\/{rel}","templated":true}]}}