{"id":99966,"date":"2025-05-14T18:13:16","date_gmt":"2025-05-14T18:13:16","guid":{"rendered":"https:\/\/www.europesays.com\/fr\/99966\/"},"modified":"2025-05-14T18:13:16","modified_gmt":"2025-05-14T18:13:16","slug":"des-terrains-de-sport-attendus-des-cet-ete-2025","status":"publish","type":"post","link":"https:\/\/www.europesays.com\/fr\/99966\/","title":{"rendered":"des terrains de sport attendus d\u00e8s cet \u00e9t\u00e9 2025"},"content":{"rendered":"<p>            Par<br \/>\n        <strong><br \/>\n            <a href=\"https:\/\/actu.fr\/auteur\/amandine-mehl\" title=\"Consulter tous les articles de Amandine Mehl\" rel=\"nofollow noopener\" target=\"_blank\">Amandine Mehl<\/a><br \/>\n        <\/strong><\/p>\n<p>        Publi\u00e9 le<\/p>\n<p>            14 mai 2025 \u00e0 19h01        <\/p>\n<p>L\u2019<strong>avenir<\/strong> de l\u2019<a href=\"https:\/\/actu.fr\/grand-est\/nancy_54395\/ensemble-carnot-leopold-a-nancy-vers-le-maintien-de-la-foire-attractive-et-la-suppression-du-stationnement_61579071.html\" rel=\"nofollow noopener\" target=\"_blank\">ensemble Carnot-L\u00e9opold<\/a>, \u00e0 <strong>Nancy<\/strong>, a \u00e9t\u00e9 pr\u00e9sent\u00e9 \u00e0 la presse mardi 13 mai 2025. Tr\u00e8s attendues, les <strong>transformations<\/strong> d\u00e9buteront en <strong>2028<\/strong> pour une <strong>fin de chantier pr\u00e9vue en 2032<\/strong>.<\/p>\n<p class=\" wall-content\">En attendant, pour que les habitants puissent <strong>s\u2019approprier l\u2019espace<\/strong> et ne plus seulement le traverser, des am\u00e9nagements transitoires vont \u00eatre install\u00e9s <a href=\"https:\/\/actu.fr\/grand-est\/nancy_54395\/transformation-de-l-ensemble-carnot-leopold-de-premiers-changements-attendus-des-l-ete-2025-voici-lesquels_62270505.html\" rel=\"nofollow noopener\" target=\"_blank\">d\u00e8s l\u2019\u00e9t\u00e9 2025<\/a>.<\/p>\n<p>Un terrain de beach-volley et un terrain de basket install\u00e9s cours L\u00e9opold<\/p>\n<p class=\" wall-content\">Comme les ann\u00e9es pr\u00e9c\u00e9dentes, la <a href=\"https:\/\/actu.fr\/grand-est\/nancy_54395\/lieux-theme-ce-que-l-on-sait-deja-sur-le-retour-des-guinguettes-cet-ete-a-nancy_62481124.html\" rel=\"nofollow noopener\" target=\"_blank\">guinguette<\/a> fera son retour place Carnot. Elle sera compl\u00e9t\u00e9e par du <strong>mobilier transitoire<\/strong>, signale Thomas Souverain, adjoint d\u00e9l\u00e9gu\u00e9 au territoire centre, aux mobilit\u00e9s et au stationnement, au domaine public, \u00e0 la foire attractive et aux grandes manifestations.<\/p>\n<p class=\" wall-content\">On y retrouvera notamment des <strong>endroits d\u00e9di\u00e9s au repos, des tables de pique-nique ou encore des espaces ombrag\u00e9s<\/strong>. C\u00f4t\u00e9 cours L\u00e9opold, des <strong>\u00e9quipements r\u00e9cr\u00e9atifs<\/strong> vont prendre place. \u00ab\u00a0On va avoir l\u2019installation d\u2019un <strong>terrain de beach-volley<\/strong> et d\u2019un <strong>terrain de basket<\/strong>, permettant la pratique libre en plein air\u00a0\u00bb, d\u00e9taille l\u2019\u00e9lu.<\/p>\n<p>Des am\u00e9nagements transitoires pr\u00e9sents tous les \u00e9t\u00e9s jusqu\u2019en 2028<\/p>\n<p class=\" wall-content\">Jusqu\u2019au d\u00e9but du chantier de l\u2019ensemble Carnot-L\u00e9opold, les habitants <strong>retrouveront<\/strong> ces am\u00e9nagements <strong>durant les prochains \u00e9t\u00e9s<\/strong>. Soit jusqu\u2019en 2028.<\/p>\n<p>Vid\u00e9os : en ce moment sur Actu<\/p>\n<p class=\" wall-content\">L\u2019enveloppe consacr\u00e9e \u00e0 ces transformations transitoires s\u2019\u00e9l\u00e8ve \u00e0 <strong>250 000 euros<\/strong>.<\/p>\n<p class=\" wall-content\">Suivez toute l\u2019actualit\u00e9 de vos villes et m\u00e9dias favoris en vous inscrivant \u00e0 <a href=\"https:\/\/moncompte.actu.fr\" title=\"D\u00e9couvez Mon Actu\" rel=\"nofollow noopener\" data-trk=\"{&quot;cta&quot;:{&quot;action&quot;:&quot;https:\\\/\\\/moncompte.actu.fr&quot;,&quot;category&quot;:&quot;mon compte&quot;,&quot;from&quot;:&quot;article footer&quot;,&quot;name&quot;:&quot;Mon actu&quot;,&quot;type&quot;:&quot;cta&quot;}}\" target=\"_blank\">Mon Actu<\/a>.<\/p>\n","protected":false},"excerpt":{"rendered":"Par Amandine Mehl Publi\u00e9 le 14 mai 2025 \u00e0 19h01 L\u2019avenir de l\u2019ensemble Carnot-L\u00e9opold, \u00e0 Nancy, a \u00e9t\u00e9&hellip;\n","protected":false},"author":2,"featured_media":99967,"comment_status":"","ping_status":"","sticky":false,"template":"","format":"standard","meta":{"footnotes":""},"categories":[9635],"tags":[1111,11,1777,674,1011,27,775,1702,12,25,104,1352],"class_list":{"0":"post-99966","1":"post","2":"type-post","3":"status-publish","4":"format-standard","5":"has-post-thumbnail","7":"category-nancy","8":"tag-actu","9":"tag-actualites","10":"tag-eu","11":"tag-europe","12":"tag-fr","13":"tag-france","14":"tag-grand-est","15":"tag-nancy","16":"tag-news","17":"tag-republique-francaise","18":"tag-societe","19":"tag-urbanisme"},"share_on_mastodon":{"url":"https:\/\/pubeurope.com\/@fr\/114507546895762877","error":""},"_links":{"self":[{"href":"https:\/\/www.europesays.com\/fr\/wp-json\/wp\/v2\/posts\/99966","targetHints":{"allow":["GET"]}}],"collection":[{"href":"https:\/\/www.europesays.com\/fr\/wp-json\/wp\/v2\/posts"}],"about":[{"href":"https:\/\/www.europesays.com\/fr\/wp-json\/wp\/v2\/types\/post"}],"author":[{"embeddable":true,"href":"https:\/\/www.europesays.com\/fr\/wp-json\/wp\/v2\/users\/2"}],"replies":[{"embeddable":true,"href":"https:\/\/www.europesays.com\/fr\/wp-json\/wp\/v2\/comments?post=99966"}],"version-history":[{"count":0,"href":"https:\/\/www.europesays.com\/fr\/wp-json\/wp\/v2\/posts\/99966\/revisions"}],"wp:featuredmedia":[{"embeddable":true,"href":"https:\/\/www.europesays.com\/fr\/wp-json\/wp\/v2\/media\/99967"}],"wp:attachment":[{"href":"https:\/\/www.europesays.com\/fr\/wp-json\/wp\/v2\/media?parent=99966"}],"wp:term":[{"taxonomy":"category","embeddable":true,"href":"https:\/\/www.europesays.com\/fr\/wp-json\/wp\/v2\/categories?post=99966"},{"taxonomy":"post_tag","embeddable":true,"href":"https:\/\/www.europesays.com\/fr\/wp-json\/wp\/v2\/tags?post=99966"}],"curies":[{"name":"wp","href":"https:\/\/api.w.org\/{rel}","templated":true}]}}