{"id":99979,"date":"2025-05-14T18:23:11","date_gmt":"2025-05-14T18:23:11","guid":{"rendered":"https:\/\/www.europesays.com\/fr\/99979\/"},"modified":"2025-05-14T18:23:11","modified_gmt":"2025-05-14T18:23:11","slug":"a-cesson-sevigne-la-balette-saucisse-allie-musiques-traditionnelles-et-modernes-le-temps-dun","status":"publish","type":"post","link":"https:\/\/www.europesays.com\/fr\/99979\/","title":{"rendered":"\u00c0 Cesson-S\u00e9vign\u00e9, la Balette saucisse allie musiques traditionnelles et modernes le temps d\u2019un"},"content":{"rendered":"<p>\u00a0Nous avons donn\u00e9 carte blanche \u00e0 l\u2019artiste Yvan Dur\u00eave, pour penser la programmation\u00a0\u00bb, explique Ana\u00efs Boutrolle, l\u2019administratrice de La Balette Saucisse. Samedi 17\u00a0mai, \u00e0 la ferme de La Grande Frini\u00e8re, \u00e0 <a href=\"https:\/\/rennes.maville.com\/bretagne\/ille-et-vilaine\/cesson-sevigne\/\" target=\"_blank\" rel=\"noopener\">Cesson-S\u00e9vign\u00e9<\/a> (<a href=\"https:\/\/www.ouest-france.fr\/bretagne\/ille-et-vilaine\/\" target=\"_blank\" rel=\"noopener\">Ille-et-Vilaine<\/a>), l\u2019association organise un apr\u00e8s-midi festif autour de la musique et des danses traditionnelles, dans le cadre de la F\u00eate de la Bretagne.<\/p>\n<p>Le r\u00e9pertoire traditionnel breton cohabitera avec des airs et des pas de danses emprunt\u00e9s \u00e0 d\u2019autres r\u00e9gions comme le Poitou. Tout l\u2019apr\u00e8s-midi, tradition et modernit\u00e9 alterneront sur sc\u00e8ne. \u00a0Le courant n\u00e9ofolk a une dimension plus moderne, dans laquelle l\u2019artiste prend la libert\u00e9 de r\u00e9interpr\u00e9ter les morceaux, souligne  l\u2019organisatrice. En introduisant, par exemple, d\u2019autres styles comme la musique \u00e9lectronique, le rock ou le reggae, ou en utilisant des instruments modernes.\u00a0<\/p>\n<p>Parmi les artistes repr\u00e9sentatifs de ce courant, Sophie Cavez, une accord\u00e9oniste belge ancr\u00e9e dans le monde de \u00a0la musique \u00e0 boutons\u00a0, ou Redlef, qui propose \u00a0un concert de musique traditionnelle progressive au violon\u00a0\u00bb, seront \u00e0 l\u2019affiche.<\/p>\n<p>400\u00a0festivaliers attendus pour cette grande f\u00eate<\/p>\n<p>L\u2019apr\u00e8s-midi sera ponctu\u00e9e par des initiations aux bases des danses traditionnelles, d\u2019un stage sur leurs \u00e9volutions, \u00e0 la fois dans la tradition et dans un registre plus contemporain. \u00a0Les participants pourront aussi \u00e9changer avec les artistes autour d\u2019une table ronde sur leurs pratiques artistiques et la mani\u00e8re de faire vivre les musiques et les danses issues des traditions orales\u00a0\u00bb, ajoute Ana\u00efs Boutrolle.<\/p>\n<p>Samedi 17\u00a0mai 2025, \u00e0 partir de 14\u00a0h, \u00e0 la ferme de La Grande Frini\u00e8re. Tarifs\u00a0: plein 10\u00a0\u20ac\u00a0; r\u00e9duit 5\u00a0\u20ac (- de 12\u00a0ans et personnes en situation de handicap)\u00a0; carte Sortir 2,50\u00a0\u20ac. Renseignements et billetterie sur<a href=\"https:\/\/www.helloasso.com\/associations\/balette-saucisse\/evenements\/bal-fest-fete-de-la-bretagne\" target=\"_blank\" rel=\"noopener\"> www.helloasso.com\/associations\/balette-saucisse\/evenements\/bal-fest-fete-de-la-bretagne<\/a><\/p>\n<p>\u00a0<\/p>\n","protected":false},"excerpt":{"rendered":"\u00a0Nous avons donn\u00e9 carte blanche \u00e0 l\u2019artiste Yvan Dur\u00eave, pour penser la programmation\u00a0\u00bb, explique Ana\u00efs Boutrolle, l\u2019administratrice de&hellip;\n","protected":false},"author":2,"featured_media":99980,"comment_status":"","ping_status":"","sticky":false,"template":"","format":"standard","meta":{"footnotes":""},"categories":[2821],"tags":[1111,11,7203,14064,21454,829,4099,1777,674,1011,27,21457,1698,12,3086,584,25,21455,5426,21456],"class_list":{"0":"post-99979","1":"post","2":"type-post","3":"status-publish","4":"format-standard","5":"has-post-thumbnail","7":"category-rennes","8":"tag-actu","9":"tag-actualites","10":"tag-allie","11":"tag-bal","12":"tag-balette","13":"tag-bretagne","14":"tag-cesson-sevigne","15":"tag-eu","16":"tag-europe","17":"tag-fr","18":"tag-france","19":"tag-modernes","20":"tag-musiques","21":"tag-news","22":"tag-redon","23":"tag-rennes","24":"tag-republique-francaise","25":"tag-saucisse","26":"tag-temps","27":"tag-traditionnelles"},"share_on_mastodon":{"url":"https:\/\/pubeurope.com\/@fr\/114507586160388043","error":""},"_links":{"self":[{"href":"https:\/\/www.europesays.com\/fr\/wp-json\/wp\/v2\/posts\/99979","targetHints":{"allow":["GET"]}}],"collection":[{"href":"https:\/\/www.europesays.com\/fr\/wp-json\/wp\/v2\/posts"}],"about":[{"href":"https:\/\/www.europesays.com\/fr\/wp-json\/wp\/v2\/types\/post"}],"author":[{"embeddable":true,"href":"https:\/\/www.europesays.com\/fr\/wp-json\/wp\/v2\/users\/2"}],"replies":[{"embeddable":true,"href":"https:\/\/www.europesays.com\/fr\/wp-json\/wp\/v2\/comments?post=99979"}],"version-history":[{"count":0,"href":"https:\/\/www.europesays.com\/fr\/wp-json\/wp\/v2\/posts\/99979\/revisions"}],"wp:featuredmedia":[{"embeddable":true,"href":"https:\/\/www.europesays.com\/fr\/wp-json\/wp\/v2\/media\/99980"}],"wp:attachment":[{"href":"https:\/\/www.europesays.com\/fr\/wp-json\/wp\/v2\/media?parent=99979"}],"wp:term":[{"taxonomy":"category","embeddable":true,"href":"https:\/\/www.europesays.com\/fr\/wp-json\/wp\/v2\/categories?post=99979"},{"taxonomy":"post_tag","embeddable":true,"href":"https:\/\/www.europesays.com\/fr\/wp-json\/wp\/v2\/tags?post=99979"}],"curies":[{"name":"wp","href":"https:\/\/api.w.org\/{rel}","templated":true}]}}