{"id":99999,"date":"2025-05-14T18:33:08","date_gmt":"2025-05-14T18:33:08","guid":{"rendered":"https:\/\/www.europesays.com\/fr\/99999\/"},"modified":"2025-05-14T18:33:08","modified_gmt":"2025-05-14T18:33:08","slug":"au-sud-ouest-de-toulouse-une-femme-heliportee-apres-un-accident-entre-une-voiture-et-un-vehicule-de-livraison","status":"publish","type":"post","link":"https:\/\/www.europesays.com\/fr\/99999\/","title":{"rendered":"Au sud-ouest de Toulouse, une femme h\u00e9liport\u00e9e apr\u00e8s un accident entre une voiture et un v\u00e9hicule de livraison"},"content":{"rendered":"<p>            Par<br \/>\n        <strong><br \/>\n            <a href=\"https:\/\/actu.fr\/auteur\/lucie-2\" title=\"Consulter tous les articles de Lucie Fraisse\" rel=\"nofollow noopener\" target=\"_blank\">Lucie Fraisse<\/a><br \/>\n        <\/strong><\/p>\n<p>        Publi\u00e9 le<\/p>\n<p>            14 mai 2025 \u00e0 19h36        <\/p>\n<p>L\u2019accident a eu lieu aux alentours de 9 heures, ce mercredi 14 mai 2025, au niveau de l\u2019avenue de<a href=\"https:\/\/actu.fr\/toulouse\/\" rel=\"nofollow noopener\" target=\"_blank\"> Toulouse<\/a>, dans la commune de <strong>Caz\u00e8res<\/strong> (Haute-Garonne).<\/p>\n<p>    <a href=\"https:\/\/www.google.com\/maps\/embed?pb=!1m18!1m12!1m3!1d93046.63299038402!2d1.01814562396442!3d43.215628590924766!2m3!1f0!2f0!3f0!3m2!1i1024!2i768!4f13.1!3m3!1m2!1s0x12a928f19306cf9d%3A0x2bd5359a95ab5888!2s31220%20Caz%C3%A8res!5e0!3m2!1sfr!2sfr!4v1747242804173!5m2!1sfr!2sfr\" title=\"Ouvrie le lien\" rel=\"nofollow noopener\" target=\"_blank\">Cliquez ici pour visualiser le contenu<\/a><\/p>\n<p>D\u00e9sincarc\u00e9ration<\/p>\n<p class=\" wall-content\">Un v\u00e9hicule de livraison et une voiture sont entr\u00e9s en collision. Une femme de 89 ans a d\u00fb \u00eatre d\u00e9sincarc\u00e9r\u00e9e de son v\u00e9hicule avant d\u2019\u00eatre transport\u00e9e en urgence absolue par un h\u00e9licopt\u00e8re du<strong> Samu<\/strong> vers l\u2019h\u00f4pital.<\/p>\n<p>Le chauffeur transport\u00e9 en ambulance<\/p>\n<p class=\" wall-content\">Le conducteur du v\u00e9hicule de livraison, un homme de 45 ans, a \u00e9t\u00e9 plus l\u00e9g\u00e8rement bless\u00e9. Son transport vers l\u2019h\u00f4pital a \u00e9t\u00e9 assur\u00e9 en ambulance.<\/p>\n<p class=\" wall-content\">Treize sapeurs-pompiers et six v\u00e9hicules ont \u00e9t\u00e9 mobilis\u00e9s sur l\u2019accident ainsi que les gendarmes, le SMUR et les services de voirie.<\/p>\n<p class=\" wall-content\">Suivez toute l\u2019actualit\u00e9 de vos villes et m\u00e9dias favoris en vous inscrivant \u00e0 <a href=\"https:\/\/moncompte.actu.fr\" title=\"D\u00e9couvez Mon Actu\" rel=\"nofollow noopener\" data-trk=\"{&quot;cta&quot;:{&quot;action&quot;:&quot;https:\\\/\\\/moncompte.actu.fr&quot;,&quot;category&quot;:&quot;mon compte&quot;,&quot;from&quot;:&quot;article footer&quot;,&quot;name&quot;:&quot;Mon actu&quot;,&quot;type&quot;:&quot;cta&quot;}}\" target=\"_blank\">Mon Actu<\/a>.<\/p>\n","protected":false},"excerpt":{"rendered":"Par Lucie Fraisse Publi\u00e9 le 14 mai 2025 \u00e0 19h36 L\u2019accident a eu lieu aux alentours de 9&hellip;\n","protected":false},"author":2,"featured_media":100000,"comment_status":"","ping_status":"","sticky":false,"template":"","format":"standard","meta":{"footnotes":""},"categories":[2816],"tags":[1111,11,1777,674,118,1011,27,12,2680,1311,25,2312],"class_list":{"0":"post-99999","1":"post","2":"type-post","3":"status-publish","4":"format-standard","5":"has-post-thumbnail","7":"category-toulouse","8":"tag-actu","9":"tag-actualites","10":"tag-eu","11":"tag-europe","12":"tag-faits-divers","13":"tag-fr","14":"tag-france","15":"tag-news","16":"tag-occitanie","17":"tag-pompiers","18":"tag-republique-francaise","19":"tag-toulouse"},"share_on_mastodon":{"url":"https:\/\/pubeurope.com\/@fr\/114507625564030169","error":""},"_links":{"self":[{"href":"https:\/\/www.europesays.com\/fr\/wp-json\/wp\/v2\/posts\/99999","targetHints":{"allow":["GET"]}}],"collection":[{"href":"https:\/\/www.europesays.com\/fr\/wp-json\/wp\/v2\/posts"}],"about":[{"href":"https:\/\/www.europesays.com\/fr\/wp-json\/wp\/v2\/types\/post"}],"author":[{"embeddable":true,"href":"https:\/\/www.europesays.com\/fr\/wp-json\/wp\/v2\/users\/2"}],"replies":[{"embeddable":true,"href":"https:\/\/www.europesays.com\/fr\/wp-json\/wp\/v2\/comments?post=99999"}],"version-history":[{"count":0,"href":"https:\/\/www.europesays.com\/fr\/wp-json\/wp\/v2\/posts\/99999\/revisions"}],"wp:featuredmedia":[{"embeddable":true,"href":"https:\/\/www.europesays.com\/fr\/wp-json\/wp\/v2\/media\/100000"}],"wp:attachment":[{"href":"https:\/\/www.europesays.com\/fr\/wp-json\/wp\/v2\/media?parent=99999"}],"wp:term":[{"taxonomy":"category","embeddable":true,"href":"https:\/\/www.europesays.com\/fr\/wp-json\/wp\/v2\/categories?post=99999"},{"taxonomy":"post_tag","embeddable":true,"href":"https:\/\/www.europesays.com\/fr\/wp-json\/wp\/v2\/tags?post=99999"}],"curies":[{"name":"wp","href":"https:\/\/api.w.org\/{rel}","templated":true}]}}