{"id":1802,"count":7710,"description":"","link":"https:\/\/www.europesays.com\/fr\/tag\/republique-federale-dallemagne\/","name":"R\u00e9publique f\u00e9d\u00e9rale d'Allemagne","slug":"republique-federale-dallemagne","taxonomy":"post_tag","meta":[],"_links":{"self":[{"href":"https:\/\/www.europesays.com\/fr\/wp-json\/wp\/v2\/tags\/1802","targetHints":{"allow":["GET"]}}],"collection":[{"href":"https:\/\/www.europesays.com\/fr\/wp-json\/wp\/v2\/tags"}],"about":[{"href":"https:\/\/www.europesays.com\/fr\/wp-json\/wp\/v2\/taxonomies\/post_tag"}],"wp:post_type":[{"href":"https:\/\/www.europesays.com\/fr\/wp-json\/wp\/v2\/posts?tags=1802"}],"curies":[{"name":"wp","href":"https:\/\/api.w.org\/{rel}","templated":true}]}}