{"id":2289,"count":8,"description":"","link":"https:\/\/www.europesays.com\/fr\/tag\/secretaire-general-de-lotan\/","name":"secr\u00e9taire g\u00e9n\u00e9ral de l&#039;OTAN","slug":"secretaire-general-de-lotan","taxonomy":"post_tag","meta":[],"_links":{"self":[{"href":"https:\/\/www.europesays.com\/fr\/wp-json\/wp\/v2\/tags\/2289","targetHints":{"allow":["GET"]}}],"collection":[{"href":"https:\/\/www.europesays.com\/fr\/wp-json\/wp\/v2\/tags"}],"about":[{"href":"https:\/\/www.europesays.com\/fr\/wp-json\/wp\/v2\/taxonomies\/post_tag"}],"wp:post_type":[{"href":"https:\/\/www.europesays.com\/fr\/wp-json\/wp\/v2\/posts?tags=2289"}],"curies":[{"name":"wp","href":"https:\/\/api.w.org\/{rel}","templated":true}]}}