{"id":36920,"count":1,"description":"","link":"https:\/\/www.europesays.com\/fr\/tag\/aviation-legere-de-larmee-de-terre\/","name":"Aviation l\u00e9g\u00e8re de l'arm\u00e9e de Terre","slug":"aviation-legere-de-larmee-de-terre","taxonomy":"post_tag","meta":[],"_links":{"self":[{"href":"https:\/\/www.europesays.com\/fr\/wp-json\/wp\/v2\/tags\/36920","targetHints":{"allow":["GET"]}}],"collection":[{"href":"https:\/\/www.europesays.com\/fr\/wp-json\/wp\/v2\/tags"}],"about":[{"href":"https:\/\/www.europesays.com\/fr\/wp-json\/wp\/v2\/taxonomies\/post_tag"}],"wp:post_type":[{"href":"https:\/\/www.europesays.com\/fr\/wp-json\/wp\/v2\/posts?tags=36920"}],"curies":[{"name":"wp","href":"https:\/\/api.w.org\/{rel}","templated":true}]}}