{"id":39561,"count":1,"description":"","link":"https:\/\/www.europesays.com\/fr\/tag\/dun-haut-responsable-du-ministere-russe-de-la-defense-a-ete-condamne-jeudi-a-six-ans-de-prison\/","name":"d\u2019un haut responsable du minist\u00e8re russe de la D\u00e9fense a \u00e9t\u00e9 condamn\u00e9 jeudi \u00e0 six ans de prison.","slug":"dun-haut-responsable-du-ministere-russe-de-la-defense-a-ete-condamne-jeudi-a-six-ans-de-prison","taxonomy":"post_tag","meta":[],"_links":{"self":[{"href":"https:\/\/www.europesays.com\/fr\/wp-json\/wp\/v2\/tags\/39561","targetHints":{"allow":["GET"]}}],"collection":[{"href":"https:\/\/www.europesays.com\/fr\/wp-json\/wp\/v2\/tags"}],"about":[{"href":"https:\/\/www.europesays.com\/fr\/wp-json\/wp\/v2\/taxonomies\/post_tag"}],"wp:post_type":[{"href":"https:\/\/www.europesays.com\/fr\/wp-json\/wp\/v2\/posts?tags=39561"}],"curies":[{"name":"wp","href":"https:\/\/api.w.org\/{rel}","templated":true}]}}