{"id":684,"count":11,"description":"","link":"https:\/\/www.europesays.com\/fr\/tag\/programme-tele-realite\/","name":"programme t\u00e9l\u00e9 r\u00e9alit\u00e9","slug":"programme-tele-realite","taxonomy":"post_tag","meta":[],"_links":{"self":[{"href":"https:\/\/www.europesays.com\/fr\/wp-json\/wp\/v2\/tags\/684","targetHints":{"allow":["GET"]}}],"collection":[{"href":"https:\/\/www.europesays.com\/fr\/wp-json\/wp\/v2\/tags"}],"about":[{"href":"https:\/\/www.europesays.com\/fr\/wp-json\/wp\/v2\/taxonomies\/post_tag"}],"wp:post_type":[{"href":"https:\/\/www.europesays.com\/fr\/wp-json\/wp\/v2\/posts?tags=684"}],"curies":[{"name":"wp","href":"https:\/\/api.w.org\/{rel}","templated":true}]}}