{"id":69724,"count":1,"description":"","link":"https:\/\/www.europesays.com\/fr\/tag\/charte-regionale-des-valeurs-de-la-republique-et-de-la-laicite\/","name":"charte r\u00e9gionale des valeurs de la R\u00e9publique et de la la\u00efcit\u00e9","slug":"charte-regionale-des-valeurs-de-la-republique-et-de-la-laicite","taxonomy":"post_tag","meta":[],"_links":{"self":[{"href":"https:\/\/www.europesays.com\/fr\/wp-json\/wp\/v2\/tags\/69724","targetHints":{"allow":["GET"]}}],"collection":[{"href":"https:\/\/www.europesays.com\/fr\/wp-json\/wp\/v2\/tags"}],"about":[{"href":"https:\/\/www.europesays.com\/fr\/wp-json\/wp\/v2\/taxonomies\/post_tag"}],"wp:post_type":[{"href":"https:\/\/www.europesays.com\/fr\/wp-json\/wp\/v2\/posts?tags=69724"}],"curies":[{"name":"wp","href":"https:\/\/api.w.org\/{rel}","templated":true}]}}