{"id":69735,"count":1,"description":"","link":"https:\/\/www.europesays.com\/fr\/tag\/2e-colloque-des-referents-laicite-de-la-region-ile-de-france\/","name":"2e Colloque des r\u00e9f\u00e9rents la\u00efcit\u00e9 de la R\u00e9gion \u00cele-de-France","slug":"2e-colloque-des-referents-laicite-de-la-region-ile-de-france","taxonomy":"post_tag","meta":[],"_links":{"self":[{"href":"https:\/\/www.europesays.com\/fr\/wp-json\/wp\/v2\/tags\/69735","targetHints":{"allow":["GET"]}}],"collection":[{"href":"https:\/\/www.europesays.com\/fr\/wp-json\/wp\/v2\/tags"}],"about":[{"href":"https:\/\/www.europesays.com\/fr\/wp-json\/wp\/v2\/taxonomies\/post_tag"}],"wp:post_type":[{"href":"https:\/\/www.europesays.com\/fr\/wp-json\/wp\/v2\/posts?tags=69735"}],"curies":[{"name":"wp","href":"https:\/\/api.w.org\/{rel}","templated":true}]}}