{"id":13772,"date":"2026-08-27T19:33:07","date_gmt":"2026-08-27T19:33:07","guid":{"rendered":"https:\/\/www.europesays.com\/fra\/paris\/13772\/"},"modified":"2026-08-27T19:33:07","modified_gmt":"2026-08-27T19:33:07","slug":"rejuge-a-evreux-pour-un-cambriolage-le-prevenu-condamne-a-la-meme-peine","status":"publish","type":"post","link":"https:\/\/www.europesays.com\/fra\/paris\/13772\/","title":{"rendered":"Rejug\u00e9 \u00e0 \u00c9vreux pour un cambriolage, le pr\u00e9venu condamn\u00e9 \u00e0 la m\u00eame peine"},"content":{"rendered":"<p>\tRejug\u00e9 \u00e0 \u00c9vreux, Un homme a \u00e9t\u00e9 condamn\u00e9 \u00e0 six mois de prison ferme pour recel apr\u00e8s que son ADN a \u00e9t\u00e9 retrouv\u00e9 apr\u00e8s un cambriolage \u00e0 Poses.<\/p>\n<p>   Article r\u00e9serv\u00e9 aux abonn\u00e9s<\/p>\n<p>                    <a href=\"https:\/\/google.com\/preferences\/source?q=paris-normandie.fr\" target=\"_blank\" class=\"r-btn r-btn--outline-dark r-btn--google js-datalayer-click\" title=\"Ajouter sur Google\" data-clic-category=\"article\" data-clic-component=\"pr\u00e9f\u00e9rences\" data-clic-element-type=\"CTA\" data-clic-element-name=\"source\" pr=\"\" google=\"\" rel=\"nofollow noopener\"><\/p>\n<p>                      Ajouter Paris Normandie sur Google<br \/>\n                  <\/a><\/p>\n<p>  <img decoding=\"async\" data-copyright=\"Photo d\u2019illustration Paris Normandie\" class=\"r-img\"  typeof=\"foaf:Image\" src=\"https:\/\/www.europesays.com\/fra\/paris\/wp-content\/uploads\/2026\/08\/1787859187_558_83522698.jpeg\" alt=\"R\u00e9jug\u00e9, le pr\u00e9venu a \u00e9t\u00e9 condamn\u00e9 \u00e0 la m\u00eame peine\"\/>  <\/p>\n<p>Article multimedia<\/p>\n<p>  <img decoding=\"async\" class=\"r-img lazyloaded\" src=\"\/sites\/all\/themes\/enacarbon_pn\/images\/pn_logo_gris.png\" alt=\"Image auteur par d\u00e9faut\"\/><\/p>\n<p>\tPubli\u00e9: 27 Ao\u00fbt 2026 \u00e0 19h30<\/p>\n<p>Temps de lecture:<br \/>\n1 min<\/p>\n<p>Un homme a comparu une nouvelle fois devant le tribunal judiciaire d\u2019\u00c9vreux apr\u00e8s avoir fait opposition \u00e0 son premier jugement le condamnant pour recel de bien provenant d\u2019un vol. Les faits se sont d\u00e9roul\u00e9s le 31 juillet 2020 \u00e0 Poses.<\/p>\n<p>\u00a0<\/p>\n<p>Le 31 juillet 2020, un cambriolage se d\u00e9roule au domicile d\u2019un homme \u00e0 Poses. Plusieurs objets sont vol\u00e9s dont un v\u00e9hicule. Dans la nuit, ce v\u00e9hicule tombe dans un trou et un t\u00e9moin appelle les forces de l\u2019ordre pour signaler l\u2019accident et mentionne avoir vu deux hommes s\u2019enfuir.<\/p>\n<p>\u00a0<\/p>\n<p>La procureure face \u00e0 la persistance du pr\u00e9venu \u00e0 nier les faits et aux preuves ADN demande que la peine prononc\u00e9e lors de la premi\u00e8re audience soit maintenue. L\u2019homme est donc d\u00e9clar\u00e9 coupable des faits qui lui sont reproch\u00e9s et sa pr\u00e9c\u00e9dente condamnation est maintenue. Il est donc condamn\u00e9 \u00e0 une peine de 6 mois d\u2019emprisonnement ferme.<\/p>\n<p>\u00a0<\/p>\n<p>&#13;<br \/>\n&#13;<\/p>\n<p>&#13;<br \/>\n&#13;<\/p>\n<p>&#13;<br \/>\n&#13;<\/p>\n<p>      Cet article est r\u00e9serv\u00e9 aux abonn\u00e9s.<\/p>\n<p>D\u00e9couvrez la suite<\/p>\n<p>Sans engagement<\/p>\n<p>        <a onclick=\"dataLayer.push({&#039;event&#039;: &#039;PWClick&#039;,&#039;PWVersion&#039;: &#039;PW_en_dur&#039;,&#039;CTAClass&#039;:&#039;Je m\\&#039;abonne&#039;})\" class=\"r-btn r-btn--secondary\" target=\"_self\" id=\"btn_paywall_subscribe\" href=\"https:\/\/abonnement.paris-normandie.fr\/?int_source=paris_normandie&amp;int_medium=paywall_connecte&amp;int_campaign=dpi\" rel=\"nofollow noopener\">Je m&rsquo;abonne<\/a><\/p>\n<p>          Acc\u00e8s illimit\u00e9 aux articles<br \/>\n          Journal en version num\u00e9rique<br \/>\n          Partage famille : 3 comptes<\/p>\n<p>      Pour continuer de lire cet article <br \/>ABONNEZ-VOUS<\/p>\n<p>        <a onclick=\"dataLayer.push({&#039;event&#039;: &#039;PWClick&#039;,&#039;PWVersion&#039;: &#039;PW_en_dur&#039;,&#039;CTAClass&#039;:&#039;Je m\\&#039;abonne&#039;})\" class=\"r-btn r-btn--secondary\" id=\"btn_paywall_subscribe\" target=\"_self\" href=\"https:\/\/abonnement.paris-normandie.fr\/?int_source=paris_normandie&amp;int_medium=paywall_anonyme&amp;int_campaign=dpi\" rel=\"nofollow noopener\">Je m&rsquo;abonne<\/a><\/p>\n<p>          Acc\u00e8s illimit\u00e9 aux articles<br \/>\n          Journal en version num\u00e9rique 7j\/7<br \/>\n          Partage famille : 3 comptes<\/p>\n<p>D\u00e9j\u00e0 abonn\u00e9 ?<a class=\"bu_paywall_cp_anonyme js-sso--url\" id=\"btn_paywall_login\" href=\"https:\/\/ssov3.paris-normandie.fr\/product\/redirect?product_id=fr_parisnormandie&amp;return_to=[current-page:js-url]\" rel=\"nofollow noopener\" target=\"_blank\">Je m&rsquo;identifie<\/a><\/p>\n<p>Contenus sponsoris\u00e9s<\/p>\n<p>&#13;<br \/>\n&#13;<\/p>\n<p>&#13;<br \/>\n&#13;<\/p>\n","protected":false},"excerpt":{"rendered":"Rejug\u00e9 \u00e0 \u00c9vreux, Un homme a \u00e9t\u00e9 condamn\u00e9 \u00e0 six mois de prison ferme pour recel apr\u00e8s que&hellip;\n","protected":false},"author":2,"featured_media":13773,"comment_status":"","ping_status":"","sticky":false,"template":"","format":"standard","meta":{"footnotes":""},"categories":[546],"tags":[328,547,62,2177,768],"class_list":["post-13772","post","type-post","status-publish","format-standard","has-post-thumbnail","category-gaillon","tag-2e","tag-gaillon","tag-justice","tag-poses-eure","tag-u00c9vreux-eure"],"_links":{"self":[{"href":"https:\/\/www.europesays.com\/fra\/paris\/wp-json\/wp\/v2\/posts\/13772","targetHints":{"allow":["GET"]}}],"collection":[{"href":"https:\/\/www.europesays.com\/fra\/paris\/wp-json\/wp\/v2\/posts"}],"about":[{"href":"https:\/\/www.europesays.com\/fra\/paris\/wp-json\/wp\/v2\/types\/post"}],"author":[{"embeddable":true,"href":"https:\/\/www.europesays.com\/fra\/paris\/wp-json\/wp\/v2\/users\/2"}],"replies":[{"embeddable":true,"href":"https:\/\/www.europesays.com\/fra\/paris\/wp-json\/wp\/v2\/comments?post=13772"}],"version-history":[{"count":0,"href":"https:\/\/www.europesays.com\/fra\/paris\/wp-json\/wp\/v2\/posts\/13772\/revisions"}],"wp:featuredmedia":[{"embeddable":true,"href":"https:\/\/www.europesays.com\/fra\/paris\/wp-json\/wp\/v2\/media\/13773"}],"wp:attachment":[{"href":"https:\/\/www.europesays.com\/fra\/paris\/wp-json\/wp\/v2\/media?parent=13772"}],"wp:term":[{"taxonomy":"category","embeddable":true,"href":"https:\/\/www.europesays.com\/fra\/paris\/wp-json\/wp\/v2\/categories?post=13772"},{"taxonomy":"post_tag","embeddable":true,"href":"https:\/\/www.europesays.com\/fra\/paris\/wp-json\/wp\/v2\/tags?post=13772"}],"curies":[{"name":"wp","href":"https:\/\/api.w.org\/{rel}","templated":true}]}}