{"id":9557,"date":"2026-08-14T14:00:07","date_gmt":"2026-08-14T14:00:07","guid":{"rendered":"https:\/\/www.europesays.com\/fra\/paris\/9557\/"},"modified":"2026-08-14T14:00:07","modified_gmt":"2026-08-14T14:00:07","slug":"grand-paris-le-port-du-casque-devient-obligatoire-a-trottinette-electrique","status":"publish","type":"post","link":"https:\/\/www.europesays.com\/fra\/paris\/9557\/","title":{"rendered":"Grand Paris : le port du casque devient obligatoire \u00e0 trottinette \u00e9lectrique"},"content":{"rendered":"<p>\u201c\u00a0Je vous invite \u00e0 prendre un casque et un gilet jaune, c\u2019est pour votre s\u00e9curit\u00e9.\u00a0\u201d Rue La Fayette, dans le nord de Paris, des policiers interpellent des usagers de trottinettes \u00e9lectriques d\u00e9valant la piste cyclable, cheveux au vent.<\/p>\n<p>Mais sur les grands axes parisiens, rares sont ceux \u00e0 \u00eatre au courant.<br \/>\u2013 Bonjour Monsieur, police nationale. Je vous arr\u00eate par rapport \u00e0 la chasuble. (\u2026) C\u2019est obligatoire.<br \/>\u2013 C\u2019est quoi une chasuble ?, demande, surpris, l\u2019homme interpell\u00e9 en relevant sa visi\u00e8re.<\/p>\n<p>Une simple pr\u00e9sentation de sa carte d\u2019identit\u00e9 et il peut repartir pour cette fois, sans avoir \u00e0 s\u2019acquitter de l\u2019amende forfaitaire de 35 euros pr\u00e9vue en cas d\u2019absence de gilet de haute visibilit\u00e9. C\u2019est 135 euros par contre pour l\u2019absence de casque.<\/p>\n<p>\u201c\u00a0Aujourd\u2019hui, on fait de la pr\u00e9vention. A partir de demain, ce sera des verbalisations\u00a0\u201d, pr\u00e9vient un autre policier face \u00e0 un jeune homme perch\u00e9 sur sa trottinette noire, sans casque.<\/p>\n<p>Pour justifier ces contr\u00f4les inopin\u00e9s, H\u00e9l\u00e8ne Den\u00e9ch\u00e8re, porte-parole de la pr\u00e9fecture de police de Paris, avance des chiffres \u00e9loquents: \u201c\u00a0136 accidents corporels ont impliqu\u00e9 depuis le d\u00e9but de l\u2019ann\u00e9e des engins de ce type\u00a0\u201d, rappelle-t-elle.<\/p>\n<p>\u201c\u00a0C\u2019est la seule cat\u00e9gorie des usagers de la route qui augmente en mati\u00e8re d\u2019accidents corporels \u00e0 Paris\u00a0\u201d, affirme la polici\u00e8re qui accompagne l\u2019op\u00e9ration de pr\u00e9vention pr\u00e8s de la gare du Nord, la plus fr\u00e9quent\u00e9e de France.<\/p>\n<p>\u201c\u00a0C\u2019est exceptionnel ! J\u2019ai oubli\u00e9\u2026\u00a0\u201d<\/p>\n<p>Conscients du danger, les usagers d\u2019EDPM interrog\u00e9s par l\u2019AFP se consid\u00e8rent, pour la plupart, en accord avec la d\u00e9cision de la pr\u00e9fecture.<\/p>\n<p>C\u2019est \u201c\u00a0tout \u00e0 fait naturel d\u2019avoir un casque\u2026 que je n\u2019ai pas aujourd\u2019hui. C\u2019est exceptionnel ! J\u2019ai oubli\u00e9\u2026\u00a0\u201d, se justifie Pierre, un retrait\u00e9 de 79 ans. Cette mesure est \u201c\u00a0tr\u00e8s bien\u00a0\u201d et \u201c\u00a0coh\u00e9rente\u00a0\u201d, consid\u00e8re lui aussi Igor, d\u00e9veloppeur informatique de 42 ans, affirmant avoir \u201c\u00a0toujours utilis\u00e9\u00a0\u201d un casque.<\/p>\n<p>La mairie de Paris, sollicit\u00e9e par l\u2019AFP, se dit \u00e9galement \u201c\u00a0favorable\u00a0\u201d \u00e0 ces mesures, mais mentionne qu\u2019elle n\u2019a pas \u00e9t\u00e9 \u201c\u00a0avis\u00e9e de leur mise en oeuvre effective si rapidement au coeur de l\u2019\u00e9t\u00e9\u00a0\u201d. La ville \u201c\u00a0souhaite que cette mesure soit d\u00e9ploy\u00e9e en bonne intelligence et fasse l\u2019objet de contr\u00f4les pr\u00e9ventifs dans un premier temps\u00a0\u201d.<\/p>\n<p>Les cyclistes sur la sellette<\/p>\n<p>Les op\u00e9rations de verbalisation pourraient permettre \u201c\u00a0d\u2019ancrer le r\u00e9flexe de protection\u00a0\u201d chez les usagers, \u201c\u00a0comme pour la ceinture en voiture\u00a0\u201d, veut croire de son c\u00f4t\u00e9 Sophy Sainten, d\u00e9l\u00e9gu\u00e9e g\u00e9n\u00e9rale de l\u2019association Pr\u00e9vention routi\u00e8re. L\u2019arr\u00eat\u00e9 pr\u00e9fectoral va donc \u201c\u00a0dans le bon sens\u00a0\u201d, poursuit-elle, plaidant pour une \u201c\u00a0g\u00e9n\u00e9ralisation\u00a0\u201d de ces r\u00e8gles \u00e0 \u201c\u00a0tous les usagers\u00a0\u201d, cyclistes compris, et \u00e0 l\u2019ensemble du territoire.<\/p>\n<p>Plusieurs d\u00e9partements ont d\u00e9j\u00e0 rendu obligatoire le port du casque et d\u2019un gilet r\u00e9tro-r\u00e9fl\u00e9chissant, comme la Seine-et-Marne, les Alpes-Maritimes, le Vaucluse ou encore l\u2019Yonne. <a href=\"https:\/\/citoyens.com\/2026\/ormesson-sur-marne-rend-le-casque-obligatoire-pour-les-trottinettes-electriques,06-04-2026.html\" rel=\"nofollow noopener\" target=\"_blank\">Certaines villes  d\u2019Ile-de-France aussi, comme Ormesson-sur-Marne.<\/a><\/p>\n<p>L\u2019Association nationale des utilisateurs de micro mobilit\u00e9 \u00e9lectrique, qui revendique quelques centaines de membres, relate \u201c\u00a0une incompr\u00e9hension\u00a0\u201d des usagers \u201c\u00a0quant \u00e0 la distinction faite entre les v\u00e9los \u00e9lectriques et les trottinettes\u00a0\u201d, s\u2019\u00e9tonnant que l\u2019on \u201c\u00a0applique une obligation aux uns et pas aux autres\u00a0\u201d.<\/p>\n<p>En 2025, 79 utilisateurs d\u2019EDPM (+76%) et 235 cyclistes (+5%) sont d\u00e9c\u00e9d\u00e9s, selon la S\u00e9curit\u00e9 routi\u00e8re.<\/p>\n<p>Lors d\u2019un d\u00e9placement sur le terrain mercredi aux c\u00f4t\u00e9s de policiers, la ministre d\u00e9l\u00e9gu\u00e9e Marie-Pierre Vedrenne a indiqu\u00e9 avoir demand\u00e9 \u00e0 la S\u00e9curit\u00e9 routi\u00e8re de travailler sur un projet d\u2019harmonisation au niveau national du port du casque obligatoire pour les usagers d\u2019EDPM.<\/p>\n<p>\u201c\u00a0Ma priorit\u00e9 c\u2019est vraiment d\u2019agir sur la question des trottinettes (\u2026). Le gouvernement n\u2019a pas de doctrine \u00e0 l\u2019heure actuelle sur la question du port du casque pour les cyclistes\u00a0\u201d, a-t-elle dit.<\/p>\n<p>\u201c\u00a0Tomber \u00e0 v\u00e9lo et en trottinette, \u00e7a n\u2019a rien \u00e0 voir\u00a0\u201d, t\u00e9moigne Nadji Nouar, g\u00e9rant d\u2019un magasin de trottinettes dans le 10e arrondissement de Paris, interrog\u00e9 par l\u2019AFP. \u201c\u00a0C\u2019est beaucoup moins stable. Je suis d\u00e9j\u00e0 tomb\u00e9 sans casque et je peux vous dire que je ne me rappelle de rien ! C\u2019est tr\u00e8s dangereux\u00a0\u201d, raconte le commer\u00e7ant qui dit ne pas craindre pour son business malgr\u00e9 ces nouvelles r\u00e8gles.<\/p>\n","protected":false},"excerpt":{"rendered":"\u201c\u00a0Je vous invite \u00e0 prendre un casque et un gilet jaune, c\u2019est pour votre s\u00e9curit\u00e9.\u00a0\u201d Rue La Fayette,&hellip;\n","protected":false},"author":2,"featured_media":9558,"comment_status":"","ping_status":"","sticky":false,"template":"","format":"standard","meta":{"footnotes":""},"categories":[3],"tags":[30,3539,471,41,232,3540,31,3541,3542,3543,182,1310,1453,799,1404,613],"class_list":["post-9557","post","type-post","status-publish","format-standard","has-post-thumbnail","category-actualites","tag-actualites","tag-cyclistes","tag-hauts-de-seine","tag-ile-de-france","tag-mairie-de-paris","tag-moto","tag-paris","tag-petite-couronne","tag-piste-cyclable","tag-police-nationale","tag-prefecture-de-police-de-paris","tag-securite","tag-securite-routiere","tag-seine-saint-denis","tag-trottinette-electrique","tag-velo"],"_links":{"self":[{"href":"https:\/\/www.europesays.com\/fra\/paris\/wp-json\/wp\/v2\/posts\/9557","targetHints":{"allow":["GET"]}}],"collection":[{"href":"https:\/\/www.europesays.com\/fra\/paris\/wp-json\/wp\/v2\/posts"}],"about":[{"href":"https:\/\/www.europesays.com\/fra\/paris\/wp-json\/wp\/v2\/types\/post"}],"author":[{"embeddable":true,"href":"https:\/\/www.europesays.com\/fra\/paris\/wp-json\/wp\/v2\/users\/2"}],"replies":[{"embeddable":true,"href":"https:\/\/www.europesays.com\/fra\/paris\/wp-json\/wp\/v2\/comments?post=9557"}],"version-history":[{"count":0,"href":"https:\/\/www.europesays.com\/fra\/paris\/wp-json\/wp\/v2\/posts\/9557\/revisions"}],"wp:featuredmedia":[{"embeddable":true,"href":"https:\/\/www.europesays.com\/fra\/paris\/wp-json\/wp\/v2\/media\/9558"}],"wp:attachment":[{"href":"https:\/\/www.europesays.com\/fra\/paris\/wp-json\/wp\/v2\/media?parent=9557"}],"wp:term":[{"taxonomy":"category","embeddable":true,"href":"https:\/\/www.europesays.com\/fra\/paris\/wp-json\/wp\/v2\/categories?post=9557"},{"taxonomy":"post_tag","embeddable":true,"href":"https:\/\/www.europesays.com\/fra\/paris\/wp-json\/wp\/v2\/tags?post=9557"}],"curies":[{"name":"wp","href":"https:\/\/api.w.org\/{rel}","templated":true}]}}