{"id":42881,"date":"2026-06-28T16:44:25","date_gmt":"2026-06-28T16:44:25","guid":{"rendered":"https:\/\/www.europesays.com\/france\/42881\/"},"modified":"2026-06-28T16:44:25","modified_gmt":"2026-06-28T16:44:25","slug":"eleven-dead-in-skydiving-plane-crash-in-north-eastern-france","status":"publish","type":"post","link":"https:\/\/www.europesays.com\/france\/42881\/","title":{"rendered":"Eleven dead in skydiving plane crash in north-eastern France"},"content":{"rendered":"<p class=\"mb-4 text-lg md:leading-8 break-words\">Everyone on board a civilian aircraft that crashed in north-eastern France on Sunday has been killed, according to French media reports citing rescue services.<\/p>\n<p class=\"mb-4 text-lg md:leading-8 break-words\">The victims included the pilot and two groups of five skydivers each. The aircraft had taken off from Nancy-Essey airfield. Authorities said a wide area around the crash site in Tomblaine had been cordoned off.<\/p>\n<p class=\"mb-4 text-lg md:leading-8 break-words\">Police, firefighters and emergency services were deployed in large numbers to support recovery efforts and help establish the cause of the crash.<\/p>\n<p class=\"mb-4 text-lg md:leading-8 break-words\">The public prosecutor\u2019s office has opened an investigation.<\/p>\n<p class=\"mb-4 text-lg md:leading-8 break-words\">&#8216;Grim toll&#8217;<\/p>\n<p class=\"mb-4 text-lg md:leading-8 break-words\">In a post on X, France&#8217;s Transport Minister, Philippe Tabarot, spoke of a &#8220;particularly grim toll.&#8221; It is said to be one of the deadliest accidents in general aviation in France.<\/p>\n<p class=\"mb-4 text-lg md:leading-8 break-words\">Tomblaine&#8217;s mayor, Herv\u00e9 F\u00e9ron, told the newspaper L&#8217;Est R\u00e9publicain that the aircraft crashed near a residential area &#8211; just a few dozen metres from the airfield&#8217;s runway.<\/p>\n<p>The aircraft involved in the accident was registered in Germany<\/p>\n<p class=\"mb-4 text-lg md:leading-8 break-words\">The president of the regional association of liberal care workers in Meurthe-et-Moselle, said some of the victims may have been self-employed care workers. It appears that a trial skydive had been organized, with both care workers and instructors on board.<\/p>\n<p class=\"mb-4 text-lg md:leading-8 break-words\">According to the president of the national skydiving association, Pierre-Yves Eug\u00e8ne, the aircraft did not belong to the local skydiving club. He told the television channel BFMTV that the aircraft was a Pilatus model with German registration. He emphasized that it was a small aircraft requiring an inspection every two years.<\/p>\n<p>Aircraft crashed vertically<\/p>\n<p class=\"mb-4 text-lg md:leading-8 break-words\">Meanwhile, the prefect of the Meurthe-et-Moselle department also spoke of a possible technical fault. The aircraft &#8220;crashed vertically,&#8221; Yves S\u00e9guy told the broadcaster. There had been no indication of an emergency landing.<\/p>\n<p class=\"mb-4 text-lg md:leading-8 break-words\">The cause of the accident remained unclear, however. The prefect described it as a stroke of luck that the aircraft crashed near residential buildings without killing or injuring anyone else.<\/p>\n<p class=\"mb-4 text-lg md:leading-8 break-words\">Some relatives of the victims were nearby and witnessed the crash. They had been at the scene to accompany the skydivers.<\/p>\n","protected":false},"excerpt":{"rendered":"Everyone on board a civilian aircraft that crashed in north-eastern France on Sunday has been killed, according to&hellip;\n","protected":false},"author":2,"featured_media":42882,"comment_status":"","ping_status":"","sticky":false,"template":"","format":"standard","meta":{"footnotes":""},"categories":[2],"tags":[29206,5,8938,29186,29185],"class_list":["post-42881","post","type-post","status-publish","format-standard","has-post-thumbnail","category-france","tag-civilian-aircraft","tag-france","tag-french-media","tag-meurthe-et-moselle","tag-tomblaine"],"_links":{"self":[{"href":"https:\/\/www.europesays.com\/france\/wp-json\/wp\/v2\/posts\/42881","targetHints":{"allow":["GET"]}}],"collection":[{"href":"https:\/\/www.europesays.com\/france\/wp-json\/wp\/v2\/posts"}],"about":[{"href":"https:\/\/www.europesays.com\/france\/wp-json\/wp\/v2\/types\/post"}],"author":[{"embeddable":true,"href":"https:\/\/www.europesays.com\/france\/wp-json\/wp\/v2\/users\/2"}],"replies":[{"embeddable":true,"href":"https:\/\/www.europesays.com\/france\/wp-json\/wp\/v2\/comments?post=42881"}],"version-history":[{"count":0,"href":"https:\/\/www.europesays.com\/france\/wp-json\/wp\/v2\/posts\/42881\/revisions"}],"wp:featuredmedia":[{"embeddable":true,"href":"https:\/\/www.europesays.com\/france\/wp-json\/wp\/v2\/media\/42882"}],"wp:attachment":[{"href":"https:\/\/www.europesays.com\/france\/wp-json\/wp\/v2\/media?parent=42881"}],"wp:term":[{"taxonomy":"category","embeddable":true,"href":"https:\/\/www.europesays.com\/france\/wp-json\/wp\/v2\/categories?post=42881"},{"taxonomy":"post_tag","embeddable":true,"href":"https:\/\/www.europesays.com\/france\/wp-json\/wp\/v2\/tags?post=42881"}],"curies":[{"name":"wp","href":"https:\/\/api.w.org\/{rel}","templated":true}]}}