{"id":71785,"date":"2026-08-31T11:39:24","date_gmt":"2026-08-31T11:39:24","guid":{"rendered":"https:\/\/www.europesays.com\/france\/71785\/"},"modified":"2026-08-31T11:39:24","modified_gmt":"2026-08-31T11:39:24","slug":"unifrance-rendez-vous-tv-mart-presents-history-animation-crime-fare","status":"publish","type":"post","link":"https:\/\/www.europesays.com\/france\/71785\/","title":{"rendered":"Unifrance Rendez-Vous TV Mart Presents History, Animation, Crime Fare"},"content":{"rendered":"<p class=\"paragraph larva \/\/ lrv-u-margin-lr-auto  lrv-a-font-body-m   \">\n\tThe 32nd edition of the <a href=\"https:\/\/variety.com\/t\/unifrance-rendez-vous\/\" id=\"auto-tag_unifrance-rendez-vous\" data-tag=\"unifrance-rendez-vous\" rel=\"nofollow noopener\" target=\"_blank\">Unifrance Rendez-Vous<\/a> TV content market in Le Havre kicks off Sept. 7 with a broad selection of more than 350 programs boasting strong international potential presented by France\u2019s leading distributors.<\/p>\n<p class=\"paragraph larva \/\/ lrv-u-margin-lr-auto  lrv-a-font-body-m   \">\n\tThe Rendez-Vous hosts some 50 exclusive screenings of hit scripted series, animated shows and acclaimed documentaries, including a special showcase of three of the year\u2019s highlights. \u00a0<\/p>\n<p class=\"paragraph larva \/\/ lrv-u-margin-lr-auto  lrv-a-font-body-m   \">\n\tDespite a new condensed program this year, the four-day Rendez-Vous will still see a full lineup of industry panel discussions, events and soir\u00e9es, including the presentation <a href=\"https:\/\/variety.com\/2025\/tv\/global\/french-tv-exports-unifrance-rendez-vous-cnc-1236504450\/\" rel=\"nofollow noopener\" target=\"_blank\">France\u2019s TV programming export figures<\/a> for 2025 by promotional org Unifrance and the National Film Board (CNC).<\/p>\n<p class=\"paragraph larva \/\/ lrv-u-margin-lr-auto  lrv-a-font-body-m   \">\n\tFrance\u2019s premiere TV market, the Rendez-Vous last year brought together some 150 buyers from 40 countries and more than 50 local distribution companies. <\/p>\n<p class=\"paragraph larva \/\/ lrv-u-margin-lr-auto  lrv-a-font-body-m   \">\n\tThe titles in the spotlight this year include:<\/p>\n<p>\t\t\t\t\t\t<img loading=\"lazy\" class=\"c-lazy-image__img lrv-u-background-color-grey-lightest lrv-u-width-100p lrv-u-display-block lrv-u-height-auto\" src=\"https:\/\/variety.com\/wp-content\/themes\/pmc-variety-2020\/assets\/public\/lazyload-fallback.gif\" data-lazy-src=\"https:\/\/www.europesays.com\/france\/wp-content\/uploads\/2026\/08\/beasts-of-the-colosseum_02.jpg\" alt=\"\" data-lazy- data-lazy- height=\"576\" width=\"864\" decoding=\"async\"\/><\/p>\n<p>\t\t\t\t\t\t\t\t\tCredit: AH! Production<\/p>\n<p class=\"paragraph larva \/\/ lrv-u-margin-lr-auto  lrv-a-font-body-m   \">\n\t\u201cBeasts of the Colosseum,\u201d directed by Nicolas Br\u00e9n\u00e9ol, produced by AH! Production for Novo 19 and sold internationally by Balanga.<\/p>\n<p class=\"paragraph larva \/\/ lrv-u-margin-lr-auto  lrv-a-font-body-m   \">\n\tIt examines how ancient Rome, captivated by the \u201cvenationes\u201d \u2014 spectacles featuring wild beasts rather than gladiators \u2014 organized with the help of legionaires the capture and transportation of lions, panthers, elephants and bears from the Empire\u2019s frontiers to the Colosseum.<\/p>\n<p>\t\t\t\t\t\t<img loading=\"lazy\" class=\"c-lazy-image__img lrv-u-background-color-grey-lightest lrv-u-width-100p lrv-u-display-block lrv-u-height-auto\" src=\"https:\/\/variety.com\/wp-content\/themes\/pmc-variety-2020\/assets\/public\/lazyload-fallback.gif\" data-lazy-src=\"https:\/\/www.europesays.com\/france\/wp-content\/uploads\/2026\/08\/swapped.jpg\" alt=\"\" data-lazy- data-lazy- height=\"683\" width=\"1024\" decoding=\"async\"\/><\/p>\n<p>\t\t\t\t\t\t\t\t\tCredit: Caroline Dubois<\/p>\n<p class=\"paragraph larva \/\/ lrv-u-margin-lr-auto  lrv-a-font-body-m   \">\n\t\u201cSwapped,\u201d directed by Vania Leturcq and Savina Dellicour, produced by Lincoln TV for France 2 and distributed by <a href=\"https:\/\/variety.com\/t\/france-tv-distribution\/\" id=\"auto-tag_france-tv-distribution\" data-tag=\"france-tv-distribution\" rel=\"nofollow noopener\" target=\"_blank\">France TV Distribution<\/a>.<\/p>\n<p class=\"paragraph larva \/\/ lrv-u-margin-lr-auto  lrv-a-font-body-m   \">\n\tSet in 1889 Paris, the series follows Rose (Lula Cotton Frapier), a young mother and wet nurse who, when forced to give up her own child, secretly swaps her baby with that of H\u00e9l\u00e8ne de Gersande (Alexia Giordano), a mother grieving the sudden loss of her infant. It\u2019s \u201cin the vein of \u2018Downton Abbey\u2019 but in a French style,\u201d says Julia Schulte, France TV Distribution\u2019s senior VP of international sales.<\/p>\n<p>\t\t\t\t\t\t<img loading=\"lazy\" class=\"c-lazy-image__img lrv-u-background-color-grey-lightest lrv-u-width-100p lrv-u-display-block lrv-u-height-auto\" src=\"https:\/\/variety.com\/wp-content\/themes\/pmc-variety-2020\/assets\/public\/lazyload-fallback.gif\" data-lazy-src=\"https:\/\/www.europesays.com\/france\/wp-content\/uploads\/2026\/08\/the-red-and-the-black.jpg\" alt=\"\" data-lazy- data-lazy- height=\"683\" width=\"1024\" decoding=\"async\"\/><\/p>\n<p>\t\t\t\t\t\t\t\t\tCredit: Nicolas Velter\/France T\u00e9l\u00e9visions\/Si\u00e8cle Productions\/Wild Bunch<\/p>\n<p class=\"paragraph larva \/\/ lrv-u-margin-lr-auto  lrv-a-font-body-m   \">\n\t\u201cThe Red and the Black,\u201d adapted from Stendhal\u2019s novel, written by Georges-Marc Benamou and Gilles Taurand, directed by Ga\u00ebl Morel, produced by Si\u00e8cle Productions for France T\u00e9l\u00e9visions, and distributed by Wild Bunch Distribution.<\/p>\n<p class=\"paragraph larva \/\/ lrv-u-margin-lr-auto  lrv-a-font-body-m   \">\n\tThe four-part series chronicles the efforts of young Julien Sorel (Victor Belmondo) to rise socially beyond his modest upbringing while entangled in a web of passion and power. Julien\u2019s pursuit of greatness leads him down a path where love, pride and hypocrisy collide\u2026 with tragic consequences.<\/p>\n<p>\t\t\t\t\t\t<img loading=\"lazy\" class=\"c-lazy-image__img lrv-u-background-color-grey-lightest lrv-u-width-100p lrv-u-display-block lrv-u-height-auto\" src=\"https:\/\/variety.com\/wp-content\/themes\/pmc-variety-2020\/assets\/public\/lazyload-fallback.gif\" data-lazy-src=\"https:\/\/www.europesays.com\/france\/wp-content\/uploads\/2026\/08\/7982-641c-film.jpg\" alt=\"\" data-lazy- data-lazy- height=\"683\" width=\"1024\" decoding=\"async\"\/><\/p>\n<p>\t\t\t\t\t\t\t\t\tCredit: DMLS Films (Banijay Group)\/TF1\/About Premium Content<\/p>\n<p class=\"paragraph larva \/\/ lrv-u-margin-lr-auto  lrv-a-font-body-m   \">\n\tOther notable new shows with cross-border, if not local adaptation potential, include <a href=\"https:\/\/variety.com\/t\/about-premium-content\/\" id=\"auto-tag_about-premium-content\" data-tag=\"about-premium-content\" rel=\"nofollow noopener\" target=\"_blank\">About Premium Content<\/a>\u2019s \u201cCountry Spy,\u201d produced by Banijay Group\u2019s DMLS Films, which follows French intelligence agent Marie-Line Maupain, who, after 30 years of service, ends up back in the rural region she once called home. Putting her spy instincts to good use, she begins investigating criminal cases behind the back of the local police captain.<\/p>\n<p>\t\t\t\t\t\t<img loading=\"lazy\" class=\"c-lazy-image__img lrv-u-background-color-grey-lightest lrv-u-width-100p lrv-u-display-block lrv-u-height-auto\" src=\"https:\/\/variety.com\/wp-content\/themes\/pmc-variety-2020\/assets\/public\/lazyload-fallback.gif\" data-lazy-src=\"https:\/\/www.europesays.com\/france\/wp-content\/uploads\/2026\/08\/super-lucha.jpg\" alt=\"\" data-lazy- data-lazy- height=\"576\" width=\"864\" decoding=\"async\"\/><\/p>\n<p>\t\t\t\t\t\t\t\t\tCredit: Vivement Lundi!\/Autour de Minuit\/France T\u00e9l\u00e9visions<\/p>\n<p class=\"paragraph larva \/\/ lrv-u-margin-lr-auto  lrv-a-font-body-m   \">\n\tAimed at kids 10 and under, \u201cSuper-Lucha\u201d follows 10-year-old Ennio, who comes from a long line of Super-Luchadores, masked vigilantes who fight the forces of evil in a small Mexican town. Sold by <a href=\"https:\/\/variety.com\/t\/autour-de-minuit\/\" id=\"auto-tag_autour-de-minuit\" data-tag=\"autour-de-minuit\" rel=\"nofollow noopener\" target=\"_blank\">Autour de Minuit<\/a>, directed by Goulwen Merret and produced by Vivement Lundi! and Nadasdy Film, the stop-motion animated show is inspired by Mexican pop culture and papier-m\u00e2ch\u00e9 pi\u00f1atas.<\/p>\n<p>\t\t\t\t\t\t<img loading=\"lazy\" class=\"c-lazy-image__img lrv-u-background-color-grey-lightest lrv-u-width-100p lrv-u-display-block lrv-u-height-auto\" src=\"https:\/\/variety.com\/wp-content\/themes\/pmc-variety-2020\/assets\/public\/lazyload-fallback.gif\" data-lazy-src=\"https:\/\/www.europesays.com\/france\/wp-content\/uploads\/2026\/08\/the-nefertiti-case.jpg\" alt=\"\" data-lazy- data-lazy- height=\"576\" width=\"864\" decoding=\"async\"\/><\/p>\n<p>\t\t\t\t\t\t\t\t\tCredit: Nicolas Velter\/Incognita TV\/Tripode Productions\/Arte<\/p>\n<p class=\"paragraph larva \/\/ lrv-u-margin-lr-auto  lrv-a-font-body-m   \">\n\t\u201cThe Nefertiti Case,\u201d sold by Film &amp; Picture and produced by Incognita T\u00e9l\u00e9vision and <br \/>Tripode Productions, chronicles the efforts of Andrea, head of the French Museums Directorate, to save a landmark exhibition after the priceless bust of Nefertiti, on loan from Berlin, falls to the ground and breaks. Desperate, she seeks the help of a legendary forger recently released from prison, who also happens to be her estranged younger sister.<\/p>\n<p>\t\t\t\t\t\t<img loading=\"lazy\" class=\"c-lazy-image__img lrv-u-background-color-grey-lightest lrv-u-width-100p lrv-u-display-block lrv-u-height-auto\" src=\"https:\/\/variety.com\/wp-content\/themes\/pmc-variety-2020\/assets\/public\/lazyload-fallback.gif\" data-lazy-src=\"https:\/\/www.europesays.com\/france\/wp-content\/uploads\/2026\/08\/the-deal.jpg\" alt=\"\" data-lazy- data-lazy- height=\"683\" width=\"1024\" decoding=\"async\"\/><\/p>\n<p>\t\t\t\t\t\t\t\t\tCredit: Bande \u00e0 Part Films\/Les Films Pell\u00e9as\/Gaumont T\u00e9l\u00e9vision<\/p>\n<p class=\"paragraph larva \/\/ lrv-u-margin-lr-auto  lrv-a-font-body-m   \">\n\tIn <a href=\"https:\/\/variety.com\/t\/gaumont\/\" id=\"auto-tag_gaumont\" data-tag=\"gaumont\" rel=\"nofollow noopener\" target=\"_blank\">Gaumont<\/a>\u2019s \u201cThe Deal,\u201d set in 2015, Swiss diplomat Alexandra Weiss leads a mission hosting last-chance nuclear talks between the U.S. and Iran, with Europe, Russia and China. As tensions rise and delegates\u2019 hidden agendas jeopardize fragile diplomacy, Alexandra\u2019s former love Payam, a threatened Iranian engineer, appears, forcing her to cross lines to protect him. Bande \u00e0 Part Films, Les Films Pell\u00e9as and Gaumont produce.   <\/p>\n<p>\t\t\t\t\t\t<img loading=\"lazy\" class=\"c-lazy-image__img lrv-u-background-color-grey-lightest lrv-u-width-100p lrv-u-display-block lrv-u-height-auto\" src=\"https:\/\/variety.com\/wp-content\/themes\/pmc-variety-2020\/assets\/public\/lazyload-fallback.gif\" data-lazy-src=\"https:\/\/www.europesays.com\/france\/wp-content\/uploads\/2026\/08\/Hayam-ecole_@eldaproductions-scaled-2.jpg\" alt=\"\" data-lazy- data-lazy- height=\"682\" width=\"1024\" decoding=\"async\"\/><\/p>\n<p>\t\t\t\t\t\t\t\t\tCredit: Elda Productions<\/p>\n<p class=\"paragraph larva \/\/ lrv-u-margin-lr-auto  lrv-a-font-body-m   \">\n\t<a href=\"https:\/\/variety.com\/t\/andana-films\/\" id=\"auto-tag_andana-films\" data-tag=\"andana-films\" rel=\"nofollow noopener\" target=\"_blank\">Andana Films<\/a> offers Tamara Erde\u2019s timely two-part documentary \u201cGaza, a People\u2019s History,\u201d from Elda Productions and Kwassa Films, which explores the history of the 400 square-kilometer stretch of Palestinian land, wedged between Israel, Egypt and the Mediterranean Sea, once home to 2.23 million people. The production revisits key moments in the region\u2019s history.<\/p>\n","protected":false},"excerpt":{"rendered":"The 32nd edition of the Unifrance Rendez-Vous TV content market in Le Havre kicks off Sept. 7 with&hellip;\n","protected":false},"author":2,"featured_media":71786,"comment_status":"","ping_status":"","sticky":false,"template":"","format":"standard","meta":{"footnotes":""},"categories":[4],"tags":[44134,44135,44136,11310,44137,30,44138],"class_list":["post-71785","post","type-post","status-publish","format-standard","has-post-thumbnail","category-paris","tag-about-premium-content","tag-andana-films","tag-autour-de-minuit","tag-france-tv-distribution","tag-gaumont","tag-paris","tag-unifrance-rendez-vous"],"_links":{"self":[{"href":"https:\/\/www.europesays.com\/france\/wp-json\/wp\/v2\/posts\/71785","targetHints":{"allow":["GET"]}}],"collection":[{"href":"https:\/\/www.europesays.com\/france\/wp-json\/wp\/v2\/posts"}],"about":[{"href":"https:\/\/www.europesays.com\/france\/wp-json\/wp\/v2\/types\/post"}],"author":[{"embeddable":true,"href":"https:\/\/www.europesays.com\/france\/wp-json\/wp\/v2\/users\/2"}],"replies":[{"embeddable":true,"href":"https:\/\/www.europesays.com\/france\/wp-json\/wp\/v2\/comments?post=71785"}],"version-history":[{"count":0,"href":"https:\/\/www.europesays.com\/france\/wp-json\/wp\/v2\/posts\/71785\/revisions"}],"wp:featuredmedia":[{"embeddable":true,"href":"https:\/\/www.europesays.com\/france\/wp-json\/wp\/v2\/media\/71786"}],"wp:attachment":[{"href":"https:\/\/www.europesays.com\/france\/wp-json\/wp\/v2\/media?parent=71785"}],"wp:term":[{"taxonomy":"category","embeddable":true,"href":"https:\/\/www.europesays.com\/france\/wp-json\/wp\/v2\/categories?post=71785"},{"taxonomy":"post_tag","embeddable":true,"href":"https:\/\/www.europesays.com\/france\/wp-json\/wp\/v2\/tags?post=71785"}],"curies":[{"name":"wp","href":"https:\/\/api.w.org\/{rel}","templated":true}]}}