{"id":73988,"date":"2026-09-03T21:34:19","date_gmt":"2026-09-03T21:34:19","guid":{"rendered":"https:\/\/www.europesays.com\/france\/73988\/"},"modified":"2026-09-03T21:34:19","modified_gmt":"2026-09-03T21:34:19","slug":"meduses-et-canicule-le-parc-nucleaire-dedf-atteint-un-pic-dindisponibilite-environnementale-record-de-204","status":"publish","type":"post","link":"https:\/\/www.europesays.com\/france\/73988\/","title":{"rendered":"M\u00e9duses et canicule : le parc nucl\u00e9aire d\u2019EDF atteint un pic d\u2019indisponibilit\u00e9 \u00abenvironnementale\u00bb record de 20,4%"},"content":{"rendered":"<p>\n    Au total, 13 r\u00e9acteurs sur les 57 du parc \u00e9lectronucl\u00e9aire tricolore sont concern\u00e9s par des arr\u00eats ou des r\u00e9ductions de production.<\/p>\n<p class=\"fig-paragraph\">Des al\u00e9as qui commencent \u00e0 ressembler aux Sept plaies d\u2019\u00c9gypte. Le parc de r\u00e9acteurs nucl\u00e9aires d\u2019EDF a atteint mercredi un nouveau record d\u2019indisponibilit\u00e9s dites environnementales li\u00e9es \u00e0 la s\u00e9cheresse et aux fortes chaleurs, mais aussi \u00e0\u00a0<a href=\"http:\/\/www.lefigaro.fr\/societes\/un-afflux-de-meduses-contraint-edf-a-arreter-trois-reacteurs-de-la-centrale-nucleaire-de-gravelines-20260811\" target=\"_blank\" data-fig-type=\"NewsFlash\" rel=\"noopener nofollow\" data-gtm-custom-categorie=\"navigation\" data-gtm-custom-action=\"crossclick\" data-gtm-custom-label=\"Contextuel\" data-gtm-event=\"customEventSPE\" data-fig-domain=\"LEFIGARO\">l\u2019arriv\u00e9e massive de m\u00e9duses<\/a>\u00a0dans la centrale de Gravelines (Nord). Le taux de puissance manquante atteint 20,4%, a calcul\u00e9 l\u2019AFP \u00e0 partir des donn\u00e9es publi\u00e9es depuis 2015 par EDF. Peu avant 10h, le\u00a0<a href=\"http:\/\/www.lefigaro.fr\/conjoncture\/fortes-chaleurs-record-de-puissance-indisponible-pour-le-parc-nucleaire-d-edf-dimanche-20260810\" data-fig-type=\"NewsFlash\" data-gtm-custom-categorie=\"navigation\" data-gtm-custom-action=\"crossclick\" data-gtm-custom-label=\"Contextuel\" data-gtm-event=\"customEventSPE\" data-fig-domain=\"LEFIGARO\" rel=\"nofollow noopener\" target=\"_blank\">parc nucl\u00e9aire d\u2019EDF<\/a>\u00a0a connu un nouveau pic d\u2019indisponibilit\u00e9s pour \u00abcontraintes environnementales\u00bb ou \u00abcauses externes li\u00e9es \u00e0 l\u2019environnement\u00bb, tant en nombre de r\u00e9acteurs \u00e0 l\u2019arr\u00eat ou en r\u00e9duction de production qu\u2019en puissance manquante. Au total, 13 r\u00e9acteurs sur les 57 du parc \u00e9lectronucl\u00e9aire \u00e9taient concern\u00e9s, repr\u00e9sentant 20,4% de capacit\u00e9s de production indisponibles.<\/p>\n<p class=\"fig-paragraph\">Huit \u00e9taient \u00e0 l\u2019arr\u00eat complet (Bugey 3, Cattenom 1, Chooz 1 et 2, Golfech 2, Gravelines 2, 3 et 4) et cinq \u00e9taient en sous-r\u00e9gime (Saint-Alban 2, Tricastin 1 et 4, Gravelines 1 et 6). Cette puissance manquante sur le parc nucl\u00e9aire est en grande partie li\u00e9e \u00e0 des indisponibilit\u00e9s \u00abfortuites\u00bb, totales ou partielles sur 5 des 6 r\u00e9acteurs de Gravelines, la plus grande centrale d\u2019Europe occidentale, situ\u00e9e sur les bords de la mer du Nord.<\/p>\n<p class=\"fig-body-link\">\n            \u00c0 lire aussi<br \/>\n        <a class=\"fig-body-link__link fig-premium-mark\" href=\"http:\/\/www.lefigaro.fr\/conjoncture\/nucleaire-fret-tourisme-les-consequences-en-cascade-des-fleuves-au-plus-bas-20260810\" target=\"_blank\" data-fig-type=\"Article\" rel=\"noopener nofollow\" data-gtm-custom-categorie=\"navigation\" data-gtm-custom-action=\"crossclick\" data-gtm-custom-label=\"Contextuel\" data-gtm-event=\"customEventSPE\" data-fig-domain=\"LEFIGARO\"><br \/>\n                Nucl\u00e9aire, fret, tourisme\u2026 Les cons\u00e9quences en cascade des fleuves au plus bas<br \/>\n    <\/a>\n<\/p>\n<p>                                            <a class=\"fig-a11y-skip\" href=\"#fig-a11y-skip-main-inarticle\" is=\"fig-a11y-skip\" data-trigger-mode=\"visible-once\"><br \/>\n    Passer la publicit\u00e9<br \/>\n<\/a>            <\/p>\n<p>                                            57 r\u00e9acteurs nucl\u00e9aires<\/p>\n<p class=\"fig-paragraph\">Les r\u00e9acteurs 1, 2, 3, 4 et 6 ont \u00e9t\u00e9 mis \u00e0 l\u2019arr\u00eat ou en sous-r\u00e9gime lundi et mardi, pour plusieurs jours en raison de l\u2019arriv\u00e9e de plusieurs tonnes de m\u00e9duses dans les stations de pompage qui servent \u00e0 puiser l\u2019eau de mer pour refroidir les installations nucl\u00e9aires. Les unit\u00e9s n\u00b01 et 6 sont depuis revenues \u00e0 la pleine puissance vers 10H00 tandis que le r\u00e9acteur n\u00b05 est lui en arr\u00eat programm\u00e9 pour maintenance. A l\u2019arr\u00eat, Gravelines 2 doit \u00eatre reconnect\u00e9e au r\u00e9seau mercredi soir \u00e0 23H00.<\/p>\n<p class=\"fig-paragraph\">En dehors de Gravelines, les arr\u00eats ou r\u00e9duction de production des autres r\u00e9acteurs sont li\u00e9s aux fortes chaleurs et \u00e0 la s\u00e9cheresse qui affectent la temp\u00e9rature ou le d\u00e9bit des rivi\u00e8res et fleuves. La France compte 57 r\u00e9acteurs nucl\u00e9aires, assurant quelque 70% de sa production d\u2019\u00e9lectricit\u00e9. Tous sont install\u00e9s au bord d\u2019un fleuve ou de la mer pour permettre le refroidissement des installations. En cas de s\u00e9cheresse ou de canicule, la baisse du d\u00e9bit et la hausse de la temp\u00e9rature des cours d\u2019eau peuvent contraindre EDF \u00e0 r\u00e9duire, voire arr\u00eater sa production pour pr\u00e9server l\u2019environnement et la biodiversit\u00e9. L\u2019exploitant ne peut alors rejeter d\u2019effluents chimiques ou radioactifs ni r\u00e9chauffer davantage les rivi\u00e8res avec ses eaux de refroidissement rejet\u00e9es plus chaudes.<\/p>\n","protected":false},"excerpt":{"rendered":"Au total, 13 r\u00e9acteurs sur les 57 du parc \u00e9lectronucl\u00e9aire tricolore sont concern\u00e9s par des arr\u00eats ou des&hellip;\n","protected":false},"author":2,"featured_media":73989,"comment_status":"","ping_status":"","sticky":false,"template":"","format":"standard","meta":{"footnotes":""},"categories":[12859],"tags":[8739,4250,37075],"class_list":["post-73988","post","type-post","status-publish","format-standard","has-post-thumbnail","category-electricite-de-france","tag-edf","tag-electricite-de-france","tag-nucleaire"],"_links":{"self":[{"href":"https:\/\/www.europesays.com\/france\/wp-json\/wp\/v2\/posts\/73988","targetHints":{"allow":["GET"]}}],"collection":[{"href":"https:\/\/www.europesays.com\/france\/wp-json\/wp\/v2\/posts"}],"about":[{"href":"https:\/\/www.europesays.com\/france\/wp-json\/wp\/v2\/types\/post"}],"author":[{"embeddable":true,"href":"https:\/\/www.europesays.com\/france\/wp-json\/wp\/v2\/users\/2"}],"replies":[{"embeddable":true,"href":"https:\/\/www.europesays.com\/france\/wp-json\/wp\/v2\/comments?post=73988"}],"version-history":[{"count":0,"href":"https:\/\/www.europesays.com\/france\/wp-json\/wp\/v2\/posts\/73988\/revisions"}],"wp:featuredmedia":[{"embeddable":true,"href":"https:\/\/www.europesays.com\/france\/wp-json\/wp\/v2\/media\/73989"}],"wp:attachment":[{"href":"https:\/\/www.europesays.com\/france\/wp-json\/wp\/v2\/media?parent=73988"}],"wp:term":[{"taxonomy":"category","embeddable":true,"href":"https:\/\/www.europesays.com\/france\/wp-json\/wp\/v2\/categories?post=73988"},{"taxonomy":"post_tag","embeddable":true,"href":"https:\/\/www.europesays.com\/france\/wp-json\/wp\/v2\/tags?post=73988"}],"curies":[{"name":"wp","href":"https:\/\/api.w.org\/{rel}","templated":true}]}}