{"id":74373,"date":"2026-09-04T11:28:07","date_gmt":"2026-09-04T11:28:07","guid":{"rendered":"https:\/\/www.europesays.com\/france\/74373\/"},"modified":"2026-09-04T11:28:07","modified_gmt":"2026-09-04T11:28:07","slug":"the-brand-cafe-comes-of-age","status":"publish","type":"post","link":"https:\/\/www.europesays.com\/france\/74373\/","title":{"rendered":"The brand cafe comes of age"},"content":{"rendered":"<p>\t\t\t\t\t\t\tBrands are increasingly offering us places to physically hang around, and Staedtler\u2019s cafe is a fine example of the genre.\t\t\t\t\t\t\t<\/p>\n<p dir=\"ltr\">The rise of the brand caf\u00e9 is physical proof that companies are eager to become destinations.<\/p>\n<p>&#13;<\/p>\n<p dir=\"ltr\">The latest example comes from STAEDTLER&#8217;s \u2018Home of the Pencil\u2019, created by experiential agency Hyperactive London.<\/p>\n<p>&#13;<\/p>\n<p dir=\"ltr\">Located on Monmouth Street in Covent Garden, the pop-up celebrates 125 years of the iconic Noris pencil through workshops, artist collaborations, live portrait sessions and hands-on creative experiences. Oh, and Mylene Klass helped bring a bit of star power to the proceedings. <\/p>\n<p>\t\t\t\t\t\t\tLouis Vuitton Caf\u00e9 Maxime Fr\u00e9d\u00e9ric\t\t\t\t\t\t\t<\/p>\n<p dir=\"ltr\">In an age when consumers are chronically online, cafes and pop-up experiences are a powerful (and pretty called for) remedy.<\/p>\n<p>&#13;<\/p>\n<p dir=\"ltr\">Located above <a href=\"https:\/\/youtu.be\/6guhLMw4ssk\" target=\"_blank\" rel=\"nofollow noopener\">Louis Vuitton&#8217;s LV Dream exhibition space in Paris<\/a>, the caf\u00e9 was created in partnership with celebrated pastry chef Maxime Fr\u00e9d\u00e9ric, who was named Gault &amp; Millau&#8217;s Pastry Chef of the Year.<\/p>\n<p>&#13;<\/p>\n<p dir=\"ltr\"><a href=\"https:\/\/us.louisvuitton.com\/eng-us\/point-of-sale\/france\/louis-vuitton-cafe-maxime-frederic\" target=\"_blank\" rel=\"nofollow noopener\">The caf\u00e9<\/a> sits inside a lush, tropical-inspired environment overlooking the Seine and incorporates Louis Vuitton design codes throughout its pastries, chocolates and tableware.<a href=\"https:\/\/eu.louisvuitton.com\/eng-e1\/magazine\/articles\/maxime-frederic-cafe\" rel=\"nofollow noopener\" target=\"_blank\">\u00a0<\/a><\/p>\n<p>&#13;<\/p>\n<p dir=\"ltr\">Unlike many brand caf\u00e9s, this wasn&#8217;t simply a coffee counter attached to a store. Visitors could experience the LV Dream exhibition, eat from a specially designed lunch menu, book Louis Vuitton-themed afternoon tea experiences and participate in seasonal culinary activations and limited-edition menu launches.<\/p>\n<p>\t\t\t\t\t\t\tRalph&#8217;s Coffee (Ralph Lauren)\t\t\t\t\t\t\t<\/p>\n<p>Of all the examples, Ralph Lauren probably deserves credit for popularising the modern luxury-brand caf\u00e9.\u00a0<\/p>\n<p>&#13;<\/p>\n<p>The first Ralph&#8217;s Coffee opened in New York in 2014 overlooking Fifth Avenue. Ralph Lauren described it as a place where people could &#8220;come together and take a break from their busy days.&#8221;<\/p>\n<p>&#13;<\/p>\n<p dir=\"ltr\">Features typically include Polo Bar desserts, branded coffee blends, Ralph&#8217;s merchandise, coffee carts, trucks, kiosks and permanent caf\u00e9s.<\/p>\n<p>\t\t\t\t\t\t\tSKIMS Caf\u00e9s and Diner Takeovers\t\t\t\t\t\t\t<\/p>\n<p>SKIMS has taken a more contemporary approach, using temporary hospitality activations around launches rather than permanent caf\u00e9s.<\/p>\n<p>&#13;<\/p>\n<p dir=\"ltr\">The best recent example was SKIMS Drive-In, which transformed the famous Mel&#8217;s Drive-In on Sunset Boulevard to celebrate the opening of SKIMS&#8217; Los Angeles flagship.<a href=\"https:\/\/calimaglife.com\/skims-takes-over-iconic-mels-diner-on-the-sunset-strip-retro-diner-meets-retro-glam\/\" rel=\"nofollow noopener\" target=\"_blank\"><\/p>\n<p>&#13;<\/p>\n<p dir=\"ltr\">The diner was fully re-themed with SKIMS-branded menus, SKIMS milkshakes, a custom photo booth, special playlists, product displays and social-media-friendly interiors.<\/p>\n<p>\t\t\t\t\t\t\tJacquemus Caf\u00e9 Fleurs\t\t\t\t\t\t\t<\/p>\n<p>If Ralph&#8217;s Coffee pioneered the category, Jacquemus arguably perfected it for social media. The best-known example is Le Caf\u00e9 Fleurs, a temporary pop-up in Seoul inspired by the brand&#8217;s Bambimou bag and Le Chouchou collection. The building itself resembled a giant version of the fluffy handbag.<\/p>\n<p>&#13;<\/p>\n<p dir=\"ltr\">Part caf\u00e9, part flower shop, part fashion showroom, the venue offered eight custom drinks, white Lisianthus bouquets, Jacquemus accessories and Instagram-focused interiors designed around the Bambimou aesthetic.<\/p>\n","protected":false},"excerpt":{"rendered":"Brands are increasingly offering us places to physically hang around, and Staedtler\u2019s cafe is a fine example of&hellip;\n","protected":false},"author":2,"featured_media":74374,"comment_status":"","ping_status":"","sticky":false,"template":"","format":"standard","meta":{"footnotes":""},"categories":[12704],"tags":[1873,16215,313,45483,18285,45482,15288,45476,1034,45485,45486,21917,45480,1336,2773,4955,25225,1871,45481,45477,45479,45484,45478,645,6978,244,1216],"class_list":["post-74373","post","type-post","status-publish","format-standard","has-post-thumbnail","category-louis-vuitton","tag-advertising","tag-b2b","tag-banking","tag-broadcast","tag-campaigns","tag-contributors","tag-creative","tag-creative-moments","tag-education","tag-experimental","tag-food-and-beverage","tag-healthcare","tag-industry-creative-reviews","tag-law","tag-louis-vuitton","tag-lvmh","tag-online-magazine","tag-pr","tag-pr-industry-review","tag-pr-moment","tag-pr-reviews","tag-print-marketing","tag-sectors","tag-social","tag-tech","tag-technology","tag-video"],"_links":{"self":[{"href":"https:\/\/www.europesays.com\/france\/wp-json\/wp\/v2\/posts\/74373","targetHints":{"allow":["GET"]}}],"collection":[{"href":"https:\/\/www.europesays.com\/france\/wp-json\/wp\/v2\/posts"}],"about":[{"href":"https:\/\/www.europesays.com\/france\/wp-json\/wp\/v2\/types\/post"}],"author":[{"embeddable":true,"href":"https:\/\/www.europesays.com\/france\/wp-json\/wp\/v2\/users\/2"}],"replies":[{"embeddable":true,"href":"https:\/\/www.europesays.com\/france\/wp-json\/wp\/v2\/comments?post=74373"}],"version-history":[{"count":0,"href":"https:\/\/www.europesays.com\/france\/wp-json\/wp\/v2\/posts\/74373\/revisions"}],"wp:featuredmedia":[{"embeddable":true,"href":"https:\/\/www.europesays.com\/france\/wp-json\/wp\/v2\/media\/74374"}],"wp:attachment":[{"href":"https:\/\/www.europesays.com\/france\/wp-json\/wp\/v2\/media?parent=74373"}],"wp:term":[{"taxonomy":"category","embeddable":true,"href":"https:\/\/www.europesays.com\/france\/wp-json\/wp\/v2\/categories?post=74373"},{"taxonomy":"post_tag","embeddable":true,"href":"https:\/\/www.europesays.com\/france\/wp-json\/wp\/v2\/tags?post=74373"}],"curies":[{"name":"wp","href":"https:\/\/api.w.org\/{rel}","templated":true}]}}