{"id":74987,"date":"2026-09-05T19:12:09","date_gmt":"2026-09-05T19:12:09","guid":{"rendered":"https:\/\/www.europesays.com\/france\/74987\/"},"modified":"2026-09-05T19:12:09","modified_gmt":"2026-09-05T19:12:09","slug":"credit-agricole-assurances-availability-of-the-2025-universal-registration-document-of-credit-agricole-assurances","status":"publish","type":"post","link":"https:\/\/www.europesays.com\/france\/74987\/","title":{"rendered":"Cr\u00e9dit Agricole Assurances : Availability of the 2025 Universal Registration Document of Cr\u00e9dit Agricole Assurances"},"content":{"rendered":"<p>    <a href=\"https:\/\/s.yimg.com\/lo\/mysterio\/api\/bcfbbb2cd8543ea4bfa39150555dfee68d34657d22e37157304f13dc00218ea3\/lightyear_networkapi\/resizefit_w960%3Bquality_80%3Bformat_webp\/https%3A%2F%2Fmedia.zenfs.com%2Fen%2Fglobenewswire.com%2F11f0c51abc9b972a985b8199533420ae\" target=\"_blank\" rel=\"noopener noreferrer nofollow\"><img loading=\"lazy\" decoding=\"async\" src=\"data:image\/gif;base64,R0lGODlhAQABAIAAAAAAAP\/\/\/ywAAAAAAQABAAACAUwAOw==\" alt=\"Cr\u00e9dit Agricole Assurances\" height=\"214\" width=\"300\" class=\"yf-1f8hkhu loader\"\/><\/a> Cr\u00e9dit Agricole Assurances           <\/p>\n<p class=\"text text-block paragraph text-left neo-font-paragraph-xl-reg  yf-18d6y07\" style=\"text-decoration: none; font-style: normal; text-transform: none; text-align: inherit; font-variant-numeric: normal;\">Press release\u00a0 \u00a0 \u00a0 \u00a0 \u00a0 \u00a0 \u00a0 \u00a0 \u00a0 \u00a0 \u00a0 \u00a0 \u00a0 \u00a0 \u00a0 \u00a0 \u00a0 \u00a0 \u00a0 \u00a0 \u00a0 \u00a0 \u00a0 \u00a0 \u00a0 \u00a0 \u00a0 \u00a0 \u00a0 \u00a0 \u00a0 \u00a0 \u00a0 \u00a0 \u00a0 \u00a0 \u00a0 \u00a0 \u00a0 \u00a0 \u00a0 \u00a0 \u00a0 \u00a0 \u00a0 \u00a0 \u00a0 \u00a0 \u00a0 \u00a0 \u00a0 \u00a0 \u00a0 \u00a0 \u00a0 \u00a0 \u00a0 \u00a0 \u00a0 \u00a0 \u00a0 \u00a0 \u00a0 \u00a0 \u00a0 Paris, April 8, 2026  <\/p>\n<p class=\"text text-block paragraph text-left neo-font-paragraph-xl-reg  yf-18d6y07\" style=\"text-decoration: none; font-style: normal; text-transform: none; text-align: inherit; font-variant-numeric: normal;\">Availability of the 2025 Universal Registration Document<br \/>of Cr\u00e9dit Agricole Assurances  <\/p>\n<p class=\"text text-block paragraph text-left neo-font-paragraph-xl-reg  yf-18d6y07\" style=\"text-decoration: none; font-style: normal; text-transform: none; text-align: inherit; font-variant-numeric: normal;\">Cr\u00e9dit Agricole Assurances announced today the filing of its Universal Registration Document for the financial year 2025 with the Autorit\u00e9 des march\u00e9s financiers (the &#8220;AMF&#8221; &#8211; French Financial Markets Authority), under number D.26-0225.  <\/p>\n<p class=\"text text-block paragraph text-left neo-font-paragraph-xl-reg  yf-18d6y07\" style=\"text-decoration: none; font-style: normal; text-transform: none; text-align: inherit; font-variant-numeric: normal;\">The 2025 Universal Registration Document includes:  <\/p>\n<p class=\"text text-block paragraph text-left neo-font-paragraph-xl-reg  yf-18d6y07\" style=\"text-decoration: none; font-style: normal; text-transform: none; text-align: inherit; font-variant-numeric: normal;\">the Annual financial report,  <\/p>\n<p class=\"text text-block paragraph text-left neo-font-paragraph-xl-reg  yf-18d6y07\" style=\"text-decoration: none; font-style: normal; text-transform: none; text-align: inherit; font-variant-numeric: normal;\">the Sustainability report,  <\/p>\n<p class=\"text text-block paragraph text-left neo-font-paragraph-xl-reg  yf-18d6y07\" style=\"text-decoration: none; font-style: normal; text-transform: none; text-align: inherit; font-variant-numeric: normal;\">the Report on corporate governance,  <\/p>\n<p class=\"text text-block paragraph text-left neo-font-paragraph-xl-reg  yf-18d6y07\" style=\"text-decoration: none; font-style: normal; text-transform: none; text-align: inherit; font-variant-numeric: normal;\">the information concerning the fees paid to the Statutory Auditors.  <\/p>\n<p class=\"text text-block paragraph text-left neo-font-paragraph-xl-reg  yf-18d6y07\" style=\"text-decoration: none; font-style: normal; text-transform: none; text-align: inherit; font-variant-numeric: normal;\">It is available for public consultation free of charge in accordance with current regulation and may be consulted on the Cr\u00e9dit Agricole Assurances&#8217; website (<a href=\"https:\/\/www.globenewswire.com\/Tracker?data=Mo944IS7kKsE8N8ofnbWQSvf5b39BNO6stCwnu54ePfOwdqHDhcd2xRLuy1A0HhW5ZXGGE855TJZTGK5hgtt5xJ4jAl__prQtzVBgqr20_O74oPYMcQtdaHPJ0UGgkQIISFmvHLjDIEtUA6mD-8PgTD1BDldpepcbh-c3m8JiXE=\" data-ylk=\"slk:https%3A%2F%2Fwww.ca-assurances.com%2Fen%2Finvestors%2F;elm:context_link;itc:0;sec:content-canvas;source:content-canvas%20default\" data-yga=\"{&quot;yLinkText&quot;:&quot;https:\/\/www.ca-assurances.com\/en\/investors\/&quot;,&quot;yLinkElement&quot;:&quot;context_link&quot;,&quot;yModuleName&quot;:&quot;content-canvas&quot;,&quot;yTrafficOrigin&quot;:&quot;content-canvas default&quot;}\" target=\"_blank\" rel=\"noopener noreferrer nofollow\">https:\/\/www.ca-assurances.com\/en\/investors\/<\/a>) and on the AMF&#8217;s website.  <\/p>\n<p class=\"text text-block paragraph text-left neo-font-paragraph-xl-reg  yf-18d6y07\" style=\"text-decoration: none; font-style: normal; text-transform: none; text-align: inherit; font-variant-numeric: normal;\">About Cr\u00e9dit Agricole Assurances<br \/>Cr\u00e9dit Agricole Assurances, France&#8217;s leading insurer, is Cr\u00e9dit Agricole group&#8217;s subsidiary, which brings together all the insurance businesses of Cr\u00e9dit Agricole S.A. Cr\u00e9dit Agricole Assurances offers a range of products and services in savings, retirement, health, personal protection and property insurance. They are distributed by Cr\u00e9dit Agricole&#8217;s banks in France and in 9 countries worldwide, and are aimed at individual, professional, agricultural and business customers. At the end of 2025, Cr\u00e9dit Agricole Assurances had more than 7,100 employees. Its 2025 premium income (non-GAAP) amounted to 52.4 billion euros.<br \/><a href=\"https:\/\/www.globenewswire.com\/Tracker?data=NrUJ6ugFJ6QcNq-J3hHbXruaIgI6EMuhols2kl1ycWK2HQRCDBzOiVNQ8HGvj4zVA0cO9v9W0ohoF38qof9Lctk2wxsZeFKcnMmnQE4X3X-HdL3-ubMu5geglTEp3Wzz\" data-ylk=\"slk:www.ca-assurances.com;elm:context_link;itc:0;sec:content-canvas;source:content-canvas%20default\" data-yga=\"{&quot;yLinkText&quot;:&quot;www.ca-assurances.com&quot;,&quot;yLinkElement&quot;:&quot;context_link&quot;,&quot;yModuleName&quot;:&quot;content-canvas&quot;,&quot;yTrafficOrigin&quot;:&quot;content-canvas default&quot;}\" target=\"_blank\" rel=\"noopener noreferrer nofollow\">www.ca-assurances.com<\/a>  <\/p>\n<p class=\"text text-block paragraph text-left neo-font-paragraph-xl-reg  yf-18d6y07\" style=\"text-decoration: none; font-style: normal; text-transform: none; text-align: inherit; font-variant-numeric: normal;\">Press contacts<br \/>G\u00e9raldine Bailacq +33 (0)6 81 75 87 59<br \/>Nicolas Leviaux +33 (0)6 19 60 48 53<br \/>Julien Bad\u00e9 +33 (0)7 85 18 68 05<br \/><a href=\"https:\/\/finance.yahoo.com\/markets\/stocks\/articles\/mailto:service.presse@ca-assurances.fr\" data-ylk=\"slk:service.presse%40ca-assurances.fr;elm:context_link;itc:0;sec:content-canvas;source:content-canvas%20default\" data-yga=\"{&quot;yLinkText&quot;:&quot;service.presse@ca-assurances.fr&quot;,&quot;yLinkElement&quot;:&quot;context_link&quot;,&quot;yModuleName&quot;:&quot;content-canvas&quot;,&quot;yTrafficOrigin&quot;:&quot;content-canvas default&quot;}\" target=\"_blank\" rel=\"noopener noreferrer nofollow\">service.presse@ca-assurances.fr<\/a><\/p>\n<p class=\"text text-block paragraph text-left neo-font-paragraph-xl-reg  yf-18d6y07\" style=\"text-decoration: none; font-style: normal; text-transform: none; text-align: inherit; font-variant-numeric: normal;\">Investor relations contacts<br \/>Yael Beer-Gabel +33 (0)1 57 72 66 84<br \/>Ga\u00ebl Hoyer +33 (0)1 57 72 62 22<br \/>Sophie Santourian +33 (0)1 57 72 43 42<br \/>C\u00e9cile Roy +33 (0)1 57 72 61 86<br \/><a href=\"https:\/\/finance.yahoo.com\/markets\/stocks\/articles\/mailto:relations.investisseurs@ca-assurances.fr\" data-ylk=\"slk:relations.investisseurs%40ca-assurances.fr;elm:context_link;itc:0;sec:content-canvas;source:content-canvas%20default\" data-yga=\"{&quot;yLinkText&quot;:&quot;relations.investisseurs@ca-assurances.fr&quot;,&quot;yLinkElement&quot;:&quot;context_link&quot;,&quot;yModuleName&quot;:&quot;content-canvas&quot;,&quot;yTrafficOrigin&quot;:&quot;content-canvas default&quot;}\" target=\"_blank\" rel=\"noopener noreferrer nofollow\">relations.investisseurs@ca-assurances.fr<\/a>  <\/p>\n<p class=\"text text-block paragraph text-left neo-font-paragraph-xl-reg  yf-18d6y07\" style=\"text-decoration: none; font-style: normal; text-transform: none; text-align: inherit; font-variant-numeric: normal;\">Attachment  <\/p>\n","protected":false},"excerpt":{"rendered":"Cr\u00e9dit Agricole Assurances Press release\u00a0 \u00a0 \u00a0 \u00a0 \u00a0 \u00a0 \u00a0 \u00a0 \u00a0 \u00a0 \u00a0 \u00a0 \u00a0 \u00a0&hellip;\n","protected":false},"author":2,"featured_media":74988,"comment_status":"","ping_status":"","sticky":false,"template":"","format":"standard","meta":{"footnotes":""},"categories":[12927],"tags":[13384,91,110,12947,539,1337,12357,12358,13385,12359,12360,13386,13387,13388,13389,456,9167,13390,12361,12362,2554,13391,6236,13392],"class_list":["post-74987","post","type-post","status-publish","format-standard","has-post-thumbnail","category-credit-agricole","tag-401k","tag-business","tag-business-news","tag-credit-agricole","tag-economy","tag-finance","tag-financial-information","tag-investing","tag-investment-tools","tag-investor","tag-market-news","tag-mortgage","tag-mutual-funds","tag-personal-finance","tag-quote","tag-real-estate","tag-retirement","tag-stock","tag-stock-research","tag-stock-valuation","tag-stocks","tag-suze-orman","tag-tax","tag-track-portfolio"],"_links":{"self":[{"href":"https:\/\/www.europesays.com\/france\/wp-json\/wp\/v2\/posts\/74987","targetHints":{"allow":["GET"]}}],"collection":[{"href":"https:\/\/www.europesays.com\/france\/wp-json\/wp\/v2\/posts"}],"about":[{"href":"https:\/\/www.europesays.com\/france\/wp-json\/wp\/v2\/types\/post"}],"author":[{"embeddable":true,"href":"https:\/\/www.europesays.com\/france\/wp-json\/wp\/v2\/users\/2"}],"replies":[{"embeddable":true,"href":"https:\/\/www.europesays.com\/france\/wp-json\/wp\/v2\/comments?post=74987"}],"version-history":[{"count":0,"href":"https:\/\/www.europesays.com\/france\/wp-json\/wp\/v2\/posts\/74987\/revisions"}],"wp:featuredmedia":[{"embeddable":true,"href":"https:\/\/www.europesays.com\/france\/wp-json\/wp\/v2\/media\/74988"}],"wp:attachment":[{"href":"https:\/\/www.europesays.com\/france\/wp-json\/wp\/v2\/media?parent=74987"}],"wp:term":[{"taxonomy":"category","embeddable":true,"href":"https:\/\/www.europesays.com\/france\/wp-json\/wp\/v2\/categories?post=74987"},{"taxonomy":"post_tag","embeddable":true,"href":"https:\/\/www.europesays.com\/france\/wp-json\/wp\/v2\/tags?post=74987"}],"curies":[{"name":"wp","href":"https:\/\/api.w.org\/{rel}","templated":true}]}}