{"id":18149,"date":"2026-05-21T07:10:52","date_gmt":"2026-05-21T07:10:52","guid":{"rendered":"https:\/\/www.europesays.com\/germany\/18149\/"},"modified":"2026-05-21T07:10:52","modified_gmt":"2026-05-21T07:10:52","slug":"eur-1-2-billion-contract-for-prague-metro-line-d-section","status":"publish","type":"post","link":"https:\/\/www.europesays.com\/germany\/18149\/","title":{"rendered":"EUR 1.2 billion contract for Prague Metro Line D section"},"content":{"rendered":"<p>A contract worth EUR 1.2 billion (CZK 30 billion) has been signed for the construction of another section of Prague Metro Line D, between Olbrachtova and Nov\u00e9 Dvory.<\/p>\n<p><img fetchpriority=\"high\" decoding=\"async\" class=\"alignnone size-full wp-image-137680\" src=\"https:\/\/www.europesays.com\/germany\/wp-content\/uploads\/2026\/05\/Prague.jpg\" alt=\"Prague Metro Line D section\" width=\"1600\" height=\"902\"  \/><\/p>\n<p>Prague\u2019s public transport operator DPP has signed the agreement with a consortium comprising Subterra, Hochtief CZ, Hochtief Infrastructure and BeMo Tunnelling. The contract covers the construction of 6 km of tunnelled line and three underground stations. Works are set to begin in the coming period and are scheduled for completion in 2029.<\/p>\n<p>The signing of the contract was made possible following a decision by the Competition Authority, which rejected an appeal submitted by a consortium led by Strabag.<\/p>\n<p>The Olbrachtova \u2013 Nov\u00e9 Dvory section continues the works already under way on the first section, Pankr\u00e1c D \u2013 Olbrachtova.<\/p>\n<p>The new section forms part of the wider project to build Prague Metro Line D, one of the most significant investments in the Czech capital\u2019s urban transport infrastructure, aimed at improving mobility and reducing pressure on the existing network.<\/p>\n<p>The new Line D will be automated through the deployment of a CBTC system, while also being designed to remain compatible with the rest of <a href=\"https:\/\/www.railwaypro.com\/wp\/modernization-of-prague-metro-station-has-been-completed\/\" target=\"_blank\" rel=\"noopener nofollow\">the metro network<\/a> on certain sections.<\/p>\n<p>The line is expected to be completed in 2032, when it will be operated by 100-metre-long trains consisting of five carriages, each with a capacity of 525 passengers per train. These trains will be able to run at a maximum speed of 80 km\/h.<\/p>\n<p>Prague Metro Line D will have a total length of 10.6 km and 10 stations, with the project divided into three main phases. The first phase covers the Pankr\u00e1c \u2013 Nov\u00e9 Dvory section (4.6 km with five stations), the second will link Nov\u00e9 Dvory to P\u00edsnice (where a depot will also be built, covering 3.8 km with three stations), and the third phase will extend the line from Pankr\u00e1c to N\u00e1m\u011bst\u00ed M\u00edru (2.7 km with two stations).<\/p>\n<p>The line is expected to carry around 45 million passengers annually.<\/p>\n<p>\u00a0<\/p>\n<p>\u00a0<\/p>\n<p>\u00a0<\/p>\n<p>Share on: <br \/><a class=\"synved-social-button synved-social-button-share synved-social-size-32 synved-social-resolution-single synved-social-provider-facebook nolightbox\" data-provider=\"facebook\" target=\"_blank\" rel=\"nofollow noopener\" title=\"Share on Facebook\" href=\"https:\/\/www.facebook.com\/sharer.php?u=https%3A%2F%2Fwww.railwaypro.com%2Fwp%2F%3Fp%3D137679&amp;t=EUR%201.2%20billion%20contract%20for%20Prague%20Metro%20Line%20D%20section&amp;s=100&amp;p[url]=https%3A%2F%2Fwww.railwaypro.com%2Fwp%2F%3Fp%3D137679&amp;p[images][0]=https%3A%2F%2Fwww.railwaypro.com%2Fwp%2Fwp-content%2Fuploads%2F2026%2F04%2FPrague.jpg&amp;pEUR 1.2 billion contract for Prague Metro Line D section=EUR%201.2%20billion%20contract%20for%20Prague%20Metro%20Line%20D%20section\" style=\"font-size: 0px;width:32px;height:32px;margin:0;margin-bottom:5px;margin-right:5px\"><img loading=\"lazy\" decoding=\"async\" alt=\"Facebook\" title=\"Share on Facebook\" class=\"synved-share-image synved-social-image synved-social-image-share\" width=\"32\" height=\"32\" style=\"display: inline;width:32px;height:32px;margin: 0;padding: 0;border: none;box-shadow: none\" src=\"https:\/\/www.europesays.com\/germany\/wp-content\/uploads\/2026\/04\/facebook.png\"\/><\/a><a class=\"synved-social-button synved-social-button-share synved-social-size-32 synved-social-resolution-single synved-social-provider-twitter nolightbox\" data-provider=\"twitter\" target=\"_blank\" rel=\"nofollow noopener\" title=\"Share on Twitter\" href=\"http:\/\/twitter.com\/share?url=https%3A%2F%2Fwww.railwaypro.com%2Fwp%2F%3Fp%3D137679&amp;text=EUR%201.2%20billion%20contract%20for%20Prague%20Metro%20Line%20D%20section\" style=\"font-size: 0px;width:32px;height:32px;margin:0;margin-bottom:5px;margin-right:5px\"><img loading=\"lazy\" decoding=\"async\" alt=\"twitter\" title=\"Share on Twitter\" class=\"synved-share-image synved-social-image synved-social-image-share\" width=\"32\" height=\"32\" style=\"display: inline;width:32px;height:32px;margin: 0;padding: 0;border: none;box-shadow: none\" src=\"https:\/\/www.europesays.com\/germany\/wp-content\/uploads\/2026\/04\/twitter.png\"\/><\/a><a class=\"synved-social-button synved-social-button-share synved-social-size-32 synved-social-resolution-single synved-social-provider-linkedin nolightbox\" data-provider=\"linkedin\" target=\"_blank\" rel=\"nofollow noopener\" title=\"Share on Linkedin\" href=\"https:\/\/www.linkedin.com\/shareArticle?mini=true&amp;url=https%3A%2F%2Fwww.railwaypro.com%2Fwp%2F%3Fp%3D137679&amp;title=EUR%201.2%20billion%20contract%20for%20Prague%20Metro%20Line%20D%20section\" style=\"font-size: 0px;width:32px;height:32px;margin:0;margin-bottom:5px;margin-right:5px\"><img loading=\"lazy\" decoding=\"async\" alt=\"linkedin\" title=\"Share on Linkedin\" class=\"synved-share-image synved-social-image synved-social-image-share\" width=\"32\" height=\"32\" style=\"display: inline;width:32px;height:32px;margin: 0;padding: 0;border: none;box-shadow: none\" src=\"https:\/\/www.europesays.com\/germany\/wp-content\/uploads\/2026\/04\/linkedin.png\"\/><\/a><a class=\"synved-social-button synved-social-button-share synved-social-size-32 synved-social-resolution-single synved-social-provider-mail nolightbox\" data-provider=\"mail\" rel=\"nofollow\" title=\"Share by email\" href=\"mailto:?subject=EUR%201.2%20billion%20contract%20for%20Prague%20Metro%20Line%20D%20section&amp;body=Hey%20check%20this%20out:%20https%3A%2F%2Fwww.railwaypro.com%2Fwp%2F%3Fp%3D137679\" style=\"font-size: 0px;width:32px;height:32px;margin:0;margin-bottom:5px\"><img loading=\"lazy\" decoding=\"async\" alt=\"mail\" title=\"Share by email\" class=\"synved-share-image synved-social-image synved-social-image-share\" width=\"32\" height=\"32\" style=\"display: inline;width:32px;height:32px;margin: 0;padding: 0;border: none;box-shadow: none\" src=\"https:\/\/www.europesays.com\/germany\/wp-content\/uploads\/2026\/04\/mail.png\"\/><\/a>\t<script async src=\"https:\/\/platform.twitter.com\/widgets.js\" charset=\"utf-8\"><\/script><\/p>\n","protected":false},"excerpt":{"rendered":"A contract worth EUR 1.2 billion (CZK 30 billion) has been signed for the construction of another section&hellip;\n","protected":false},"author":2,"featured_media":18150,"comment_status":"","ping_status":"","sticky":false,"template":"","format":"standard","meta":{"footnotes":""},"categories":[21235],"tags":[21815,1368,21816,21817],"class_list":["post-18149","post","type-post","status-publish","format-standard","has-post-thumbnail","category-hochtief","tag-dpp","tag-hochtief","tag-prague-metro","tag-prague-metro-line-d-section"],"_links":{"self":[{"href":"https:\/\/www.europesays.com\/germany\/wp-json\/wp\/v2\/posts\/18149","targetHints":{"allow":["GET"]}}],"collection":[{"href":"https:\/\/www.europesays.com\/germany\/wp-json\/wp\/v2\/posts"}],"about":[{"href":"https:\/\/www.europesays.com\/germany\/wp-json\/wp\/v2\/types\/post"}],"author":[{"embeddable":true,"href":"https:\/\/www.europesays.com\/germany\/wp-json\/wp\/v2\/users\/2"}],"replies":[{"embeddable":true,"href":"https:\/\/www.europesays.com\/germany\/wp-json\/wp\/v2\/comments?post=18149"}],"version-history":[{"count":0,"href":"https:\/\/www.europesays.com\/germany\/wp-json\/wp\/v2\/posts\/18149\/revisions"}],"wp:featuredmedia":[{"embeddable":true,"href":"https:\/\/www.europesays.com\/germany\/wp-json\/wp\/v2\/media\/18150"}],"wp:attachment":[{"href":"https:\/\/www.europesays.com\/germany\/wp-json\/wp\/v2\/media?parent=18149"}],"wp:term":[{"taxonomy":"category","embeddable":true,"href":"https:\/\/www.europesays.com\/germany\/wp-json\/wp\/v2\/categories?post=18149"},{"taxonomy":"post_tag","embeddable":true,"href":"https:\/\/www.europesays.com\/germany\/wp-json\/wp\/v2\/tags?post=18149"}],"curies":[{"name":"wp","href":"https:\/\/api.w.org\/{rel}","templated":true}]}}