{"id":80942,"date":"2026-08-29T06:49:27","date_gmt":"2026-08-29T06:49:27","guid":{"rendered":"https:\/\/www.europesays.com\/germany\/80942\/"},"modified":"2026-08-29T06:49:27","modified_gmt":"2026-08-29T06:49:27","slug":"hochtief-consortium-to-build-next-phase-of-prague-metro-line-d-2","status":"publish","type":"post","link":"https:\/\/www.europesays.com\/germany\/80942\/","title":{"rendered":"HOCHTIEF consortium to build next phase of Prague Metro Line D"},"content":{"rendered":"\n<p class=\"text text-block paragraph text-left neo-font-paragraph-xl-reg  yf-18d6y07\" style=\"text-decoration: none; font-style: normal; text-transform: none; text-align: inherit; font-variant-numeric: normal;\">A consortium including HOCHTIEF has secured the contract for the next phase of construction on Prague Metro Line D in the Czech Republic.  <\/p>\n<p class=\"text text-block paragraph text-left neo-font-paragraph-xl-reg  yf-18d6y07\" style=\"text-decoration: none; font-style: normal; text-transform: none; text-align: inherit; font-variant-numeric: normal;\">The Prague Public Transport Company (DPP) awarded the contract, valued at approximately \u20ac1.23bn ($1.44bn), with HOCHTIEF&#8217;s share of the work expected to generate \u20ac428m in revenue.  <\/p>\n<p class=\"text text-block paragraph text-left neo-font-paragraph-xl-reg  yf-18d6y07\" style=\"text-decoration: none; font-style: normal; text-transform: none; text-align: inherit; font-variant-numeric: normal;\">The project involves the construction of three additional underground stations and close to 6km of tunnel sections, extending the new metro line from Olbrachtova to Nov\u00e9 Dvory.  <\/p>\n<p class=\"text text-block paragraph text-left neo-font-paragraph-xl-reg  yf-18d6y07\" style=\"text-decoration: none; font-style: normal; text-transform: none; text-align: inherit; font-variant-numeric: normal;\">Construction activities are scheduled to begin in the coming weeks, with completion for this stage set for 2032.  <\/p>\n<p class=\"text text-block paragraph text-left neo-font-paragraph-xl-reg  yf-18d6y07\" style=\"text-decoration: none; font-style: normal; text-transform: none; text-align: inherit; font-variant-numeric: normal;\">This phase follows the ongoing first section, connecting Pankr\u00e1c and Olbrachtova, for which HOCHTIEF is also a contractor.  <\/p>\n<p class=\"text text-block paragraph text-left neo-font-paragraph-xl-reg  yf-18d6y07\" style=\"text-decoration: none; font-style: normal; text-transform: none; text-align: inherit; font-variant-numeric: normal;\">The initial phase is currently projected to finish by 2029.  <\/p>\n<p class=\"text text-block paragraph text-left neo-font-paragraph-xl-reg  yf-18d6y07\" style=\"text-decoration: none; font-style: normal; text-transform: none; text-align: inherit; font-variant-numeric: normal;\">Subterra leads the consortium, which also includes HOCHTIEF Infrastructure and BeMo Tunneling.  <\/p>\n<p class=\"text text-block paragraph text-left neo-font-paragraph-xl-reg  yf-18d6y07\" style=\"text-decoration: none; font-style: normal; text-transform: none; text-align: inherit; font-variant-numeric: normal;\">HOCHTIEF CEO Juan Santamar\u00eda said: &#8220;Metro Line D will be critical to Prague&#8217;s future mobility, and we are proud to continue our role in delivering the city&#8217;s first fully automated metro line in partnership with the Prague Public Transport Company.&#8221;  <\/p>\n<p class=\"text text-block paragraph text-left neo-font-paragraph-xl-reg  yf-18d6y07\" style=\"text-decoration: none; font-style: normal; text-transform: none; text-align: inherit; font-variant-numeric: normal;\">The DPP proceeded with the contract agreement following the decision by the president of the Office for the Protection of Competition, who dismissed objections regarding the consortium&#8217;s status.  <\/p>\n<p class=\"text text-block paragraph text-left neo-font-paragraph-xl-reg  yf-18d6y07\" style=\"text-decoration: none; font-style: normal; text-transform: none; text-align: inherit; font-variant-numeric: normal;\">An earlier Supreme Administrative Court ruling had also cleared the way by overturning a previous injunction.  <\/p>\n<p class=\"text text-block paragraph text-left neo-font-paragraph-xl-reg  yf-18d6y07\" style=\"text-decoration: none; font-style: normal; text-transform: none; text-align: inherit; font-variant-numeric: normal;\">DPP has issued a notice to commence construction shortly after signing the contract.  <\/p>\n<p class=\"text text-block paragraph text-left neo-font-paragraph-xl-reg  yf-18d6y07\" style=\"text-decoration: none; font-style: normal; text-transform: none; text-align: inherit; font-variant-numeric: normal;\">When finished, Metro Line D will span approximately 10.6km with ten stations, eight of which are newly constructed.  <\/p>\n<p class=\"text text-block paragraph text-left neo-font-paragraph-xl-reg  yf-18d6y07\" style=\"text-decoration: none; font-style: normal; text-transform: none; text-align: inherit; font-variant-numeric: normal;\">The full line will provide a transport link from N\u00e1m\u011bst\u00ed M\u00edru in the city centre to P\u00edsnice in southern Prague, built in two main phases moving south and then north from Pankr\u00e1c.  <\/p>\n<p class=\"text text-block paragraph text-left neo-font-paragraph-xl-reg  yf-18d6y07\" style=\"text-decoration: none; font-style: normal; text-transform: none; text-align: inherit; font-variant-numeric: normal;\">Geological survey work has been in progress since 2019 ahead of these construction efforts.  <\/p>\n<p class=\"text text-block paragraph text-left neo-font-paragraph-xl-reg  yf-18d6y07\" style=\"text-decoration: none; font-style: normal; text-transform: none; text-align: inherit; font-variant-numeric: normal;\">City authorities have stated that the metro project is among the largest infrastructure investments currently under way in Prague and the Czech Republic.  <\/p>\n<p class=\"text text-block paragraph text-left neo-font-paragraph-xl-reg  yf-18d6y07\" style=\"text-decoration: none; font-style: normal; text-transform: none; text-align: inherit; font-variant-numeric: normal;\">In March, the Aspire consortium, led by HOCHTIEF, was <a href=\"https:\/\/www.worldconstructionnetwork.com\/news\/hochtief-secures-southampton-housing-contract\/\" data-ylk=\"slk:awarded%20a%20contract;elm:context_link;itc:0;sec:content-canvas;source:content-canvas%20default\" data-yga=\"{&quot;yLinkText&quot;:&quot;awarded a contract&quot;,&quot;yLinkElement&quot;:&quot;context_link&quot;,&quot;yModuleName&quot;:&quot;content-canvas&quot;,&quot;yTrafficOrigin&quot;:&quot;content-canvas default&quot;}\" target=\"_blank\" rel=\"noopener noreferrer nofollow\">awarded a contract<\/a> valued at about \u20ac200m to construct and upgrade student accommodation at the University of Southampton in the UK.  <\/p>\n<p class=\"text text-block paragraph text-left neo-font-paragraph-xl-reg  yf-18d6y07\" style=\"text-decoration: none; font-style: normal; text-transform: none; text-align: inherit; font-variant-numeric: normal;\">&#8220;HOCHTIEF consortium to build next phase of Prague Metro Line D&#8221; was originally created and published by <a href=\"https:\/\/www.worldconstructionnetwork.com\/news\/hochtief-prague-metro-line-d\/\" data-ylk=\"slk:World%20Construction%20Network;elm:context_link;itc:0;sec:content-canvas;source:content-canvas%20default\" data-yga=\"{&quot;yLinkText&quot;:&quot;World Construction Network&quot;,&quot;yLinkElement&quot;:&quot;context_link&quot;,&quot;yModuleName&quot;:&quot;content-canvas&quot;,&quot;yTrafficOrigin&quot;:&quot;content-canvas default&quot;}\" target=\"_blank\" rel=\"noopener noreferrer nofollow\">World Construction Network<\/a>, a GlobalData owned brand.  <\/p>\n","protected":false},"excerpt":{"rendered":"A consortium including HOCHTIEF has secured the contract for the next phase of construction on Prague Metro Line&hellip;\n","protected":false},"author":2,"featured_media":80943,"comment_status":"","ping_status":"","sticky":false,"template":"","format":"standard","meta":{"footnotes":""},"categories":[21235],"tags":[21815,1368,59002,59005,59004,59003,51423,59001,59000],"class_list":["post-80942","post","type-post","status-publish","format-standard","has-post-thumbnail","category-hochtief","tag-dpp","tag-hochtief","tag-hochtief-infrastructure","tag-nove-dvory","tag-olbrachtova","tag-pankrac","tag-prague","tag-prague-metro-line-d","tag-the-prague-public-transport-company"],"_links":{"self":[{"href":"https:\/\/www.europesays.com\/germany\/wp-json\/wp\/v2\/posts\/80942","targetHints":{"allow":["GET"]}}],"collection":[{"href":"https:\/\/www.europesays.com\/germany\/wp-json\/wp\/v2\/posts"}],"about":[{"href":"https:\/\/www.europesays.com\/germany\/wp-json\/wp\/v2\/types\/post"}],"author":[{"embeddable":true,"href":"https:\/\/www.europesays.com\/germany\/wp-json\/wp\/v2\/users\/2"}],"replies":[{"embeddable":true,"href":"https:\/\/www.europesays.com\/germany\/wp-json\/wp\/v2\/comments?post=80942"}],"version-history":[{"count":0,"href":"https:\/\/www.europesays.com\/germany\/wp-json\/wp\/v2\/posts\/80942\/revisions"}],"wp:featuredmedia":[{"embeddable":true,"href":"https:\/\/www.europesays.com\/germany\/wp-json\/wp\/v2\/media\/80943"}],"wp:attachment":[{"href":"https:\/\/www.europesays.com\/germany\/wp-json\/wp\/v2\/media?parent=80942"}],"wp:term":[{"taxonomy":"category","embeddable":true,"href":"https:\/\/www.europesays.com\/germany\/wp-json\/wp\/v2\/categories?post=80942"},{"taxonomy":"post_tag","embeddable":true,"href":"https:\/\/www.europesays.com\/germany\/wp-json\/wp\/v2\/tags?post=80942"}],"curies":[{"name":"wp","href":"https:\/\/api.w.org\/{rel}","templated":true}]}}