{"id":100304,"date":"2026-05-14T19:11:17","date_gmt":"2026-05-14T19:11:17","guid":{"rendered":"https:\/\/www.europesays.com\/hu\/100304\/"},"modified":"2026-05-14T19:11:17","modified_gmt":"2026-05-14T19:11:17","slug":"index-futball-futball-490","status":"publish","type":"post","link":"https:\/\/www.europesays.com\/hu\/100304\/","title":{"rendered":"Index &#8211; Futball &#8211; Futball"},"content":{"rendered":"<p>Szczesny\u00a0\u2013 Kound\u00e9, Xavi Espart, \u00c1lvaro Cort\u00e9s, Cancelo\u00a0\u2013 Pedri, Tom\u00e1s Marqu\u00e9s\u00a0\u2013 Ferran Torres, Olmo, Rashford\u00a0\u2013, Lewandowski.\u00a0<\/p>\n<p>Ebben az \u00f6ssze\u00e1ll\u00edt\u00e1sban k\u00fcldte p\u00e1ly\u00e1ra Hansi Flick a m\u00e1r bajnok Barcelon\u00e1t a La Liga 36. fordul\u00f3j\u00e1ban a katal\u00e1nok sz\u00e1m\u00e1ra m\u00e1r t\u00e9t n\u00e9lk\u00fcli m\u00e9rk\u0151z\u00e9sen a kies\u00e9s ellen harcol\u00f3 Alav\u00e9s ellen a Mendizorroz\u00e1ban. A hazaiak betartott\u00e1k az etikettet, \u00e9s d\u00edszsorfallal (pasillo) v\u00e1rt\u00e1k a bajnokcsapatot.<\/p>\n<p>Megl\u00e1tszott a vend\u00e9geken a h\u00e9tv\u00e9gi \u00fcnnepl\u00e9st k\u00f6vet\u0151 m\u00e1snaposs\u00e1g, lagymatagon futballoztak, \u00e9s Ibrahim Diabat\u00e9nek az els\u0151 f\u00e9lid\u0151 hosszabb\u00edt\u00e1s\u00e1ban szerzett g\u00f3lj\u00e1val 1\u20130-ra kikaptak. Hi\u00e1ba volt a 77 sz\u00e1zal\u00e9kos labdabirtokl\u00e1s, nem tudt\u00e1k felt\u00f6rni az Alav\u00e9s v\u00e9delm\u00e9t.\u00a0<\/p>\n<p>\n                          Diabate g\u00f3lja 1:45-n\u00e9l\n                        <\/p>\n<p>\n                          A v\u00e1ratlan gy\u0151zelemmel az Alav\u00e9s egy pontra elt\u00e1volodott a kies\u0151 helyt\u0151l, de m\u00e9g k\u00e9t fordul\u00f3 h\u00e1travan.\u00a0\n                        <\/p>\n<p>\n                          La Liga, 36. fordul\u00f3\n                        <\/p>\n<p>Espanyol \u2013Athletic Bilbao 2 \u2013 0<\/p>\n<p>Villarreal \u2013Sevilla 2 \u2013 3<\/p>\n<p>Deportivo Alav\u00e9s \u2013Barcelona 1 \u2013 0<\/p>\n<p>Getafe \u2013Mallorca 3 \u2013 1<\/p>\n<p>\n                          Cs\u00fct\u00f6rt\u00f6k\u00f6n j\u00e1tssz\u00e1k\n                        <\/p>\n<p>Valencia\u2013Rayo 19.00 \u00f3ra<\/p>\n<p>Girona \u2013Real Sociedad 20.00<\/p>\n<p>Real Madrid \u2013Real Oviedo 21.30<\/p>\n<p>\n                          Kedden j\u00e1tszott\u00e1k\n                        <\/p>\n<p>Celta Vigo \u2013Levante 2 \u2013 3<\/p>\n<p>Real Betis \u2013Elche 2 \u2013 1<\/p>\n<p>Osasuna \u2013Atj\u00e9tico Madrid 1 \u2013 2<\/p>\n<p>                <a href=\"https:\/\/konyvek.index.hu\/\" target=\"_blank\" rel=\"nofollow noopener\"><br \/>\n                <img decoding=\"async\" src=\"https:\/\/index.hu\/assets\/images\/konyvajanlo\/book_indapress\/book_indapress_logo.svg\" loading=\"lazy\" alt=\"Inda Press Kiad\u00f3\"\/><br \/>\n                <\/a><\/p>\n<p>                <img decoding=\"async\" src=\"https:\/\/www.europesays.com\/hu\/wp-content\/uploads\/2026\/05\/rossi.png\" loading=\"lazy\" alt=\"Rossi\"\/><\/p>\n<p>Ismerd meg a magyar labdar\u00fag\u00e1s h\u0151s\u00e9nek eml\u00e9kezetes pillanatait!<br \/>Folytassa, Mister!<\/p>\n<p>                <a class=\"book_index_btn\" href=\"https:\/\/indexadhu.hit.gemius.pl\/hitredir\/id=nSCbubuYpDWJZLZs0TssLrbt33Lk5kbipuiZrkg89G3.g7\/stparam=uciklwjurk\/fastid=efdamtuhsxcjschvtzobuxredglq\/nc=0\/url=https:\/\/www.indapresskiado.hu\/products\/marco-rossi?_pos=1&amp;_psq=rossi&amp;_ss=e&amp;_v=1.0\" target=\"_blank\" rel=\"nofollow noopener\">MEGVESZEM<\/a><\/p>\n<p>    <img loading=\"lazy\" decoding=\"async\" src=\"https:\/\/www.europesays.com\/hu\/wp-content\/uploads\/2026\/02\/1771583768_97_nc=0.gif\" border=\"0\" height=\"0\" width=\"0\"\/><\/p>\n<p>    <img decoding=\"async\" src=\"https:\/\/index.hu\/assets\/images\/social-follow\/logo-big.svg\" alt=\"Index.hu logo\"\/><\/p>\n<p>K\u00f6vesse az Indexet Facebookon is!<\/p>\n<p>    <a href=\"https:\/\/facebook.com\/Indexhu\" target=\"_blank\" rel=\"nofollow noopener\"><\/p>\n<p>        K\u00f6vetem!<br \/>\n    <\/a><\/p>\n","protected":false},"excerpt":{"rendered":"Szczesny\u00a0\u2013 Kound\u00e9, Xavi Espart, \u00c1lvaro Cort\u00e9s, Cancelo\u00a0\u2013 Pedri, Tom\u00e1s Marqu\u00e9s\u00a0\u2013 Ferran Torres, Olmo, Rashford\u00a0\u2013, Lewandowski.\u00a0 Ebben az \u00f6ssze\u00e1ll\u00edt\u00e1sban&hellip;\n","protected":false},"author":2,"featured_media":100305,"comment_status":"","ping_status":"","sticky":false,"template":"","format":"standard","meta":{"footnotes":"","_share_on_mastodon":"0"},"categories":[14],"tags":[33832,26662,1770,44,42,40,43,41,33833,45,131,7954],"class_list":["post-100304","post","type-post","status-publish","format-standard","has-post-thumbnail","category-sport","tag-1-0","tag-alaves","tag-barcelona","tag-hu","tag-hungarian","tag-hungary","tag-magyar","tag-magyarorszag","tag-mendizorroza","tag-sport","tag-sports","tag-vereseg"],"share_on_mastodon":{"url":"https:\/\/pubeurope.com\/@hu\/116574518170547694","error":""},"_links":{"self":[{"href":"https:\/\/www.europesays.com\/hu\/wp-json\/wp\/v2\/posts\/100304","targetHints":{"allow":["GET"]}}],"collection":[{"href":"https:\/\/www.europesays.com\/hu\/wp-json\/wp\/v2\/posts"}],"about":[{"href":"https:\/\/www.europesays.com\/hu\/wp-json\/wp\/v2\/types\/post"}],"author":[{"embeddable":true,"href":"https:\/\/www.europesays.com\/hu\/wp-json\/wp\/v2\/users\/2"}],"replies":[{"embeddable":true,"href":"https:\/\/www.europesays.com\/hu\/wp-json\/wp\/v2\/comments?post=100304"}],"version-history":[{"count":0,"href":"https:\/\/www.europesays.com\/hu\/wp-json\/wp\/v2\/posts\/100304\/revisions"}],"wp:featuredmedia":[{"embeddable":true,"href":"https:\/\/www.europesays.com\/hu\/wp-json\/wp\/v2\/media\/100305"}],"wp:attachment":[{"href":"https:\/\/www.europesays.com\/hu\/wp-json\/wp\/v2\/media?parent=100304"}],"wp:term":[{"taxonomy":"category","embeddable":true,"href":"https:\/\/www.europesays.com\/hu\/wp-json\/wp\/v2\/categories?post=100304"},{"taxonomy":"post_tag","embeddable":true,"href":"https:\/\/www.europesays.com\/hu\/wp-json\/wp\/v2\/tags?post=100304"}],"curies":[{"name":"wp","href":"https:\/\/api.w.org\/{rel}","templated":true}]}}