{"id":100748,"date":"2026-05-15T06:51:06","date_gmt":"2026-05-15T06:51:06","guid":{"rendered":"https:\/\/www.europesays.com\/hu\/100748\/"},"modified":"2026-05-15T06:51:06","modified_gmt":"2026-05-15T06:51:06","slug":"amikor-a-milan-kiutotte-a-barcelona-alomcsapatat","status":"publish","type":"post","link":"https:\/\/www.europesays.com\/hu\/100748\/","title":{"rendered":"amikor a Milan ki\u00fct\u00f6tte a Barcelona \u00e1lomcsapat\u00e1t"},"content":{"rendered":"<p>K\u00fcl\u00f6nleges \u00e9v volt az 1994-es a Milan-drukkereknek. Fabio Capello csapata 34 bajnoki meccsen mind\u00f6ssze 36 g\u00f3lt l\u0151tt, \u00e9s \u00edgy is magabiztosan nyerte meg a bajnoki c\u00edmet. Kilenc olyan meccs volt a szezonban, amikor 1-0-ra gy\u0151ztek. A h\u00e1rom ponttal m\u00f6g\u00f6tt\u00fck v\u00e9gz\u0151 Juventust is ilyen ar\u00e1nyban vert\u00e9k meg idegenben.<\/p>\n<p>Hogy lehettek bajnokok ilyen kev\u00e9s g\u00f3llal? \u00dagy, hogy csak 15 g\u00f3lt kaptak az eg\u00e9sz id\u00e9nyben, 22 meccsen tehetetlen volt vel\u00fck szemben az ellenf\u00e9l, \u00e9s \u00e9rintetlen maradt a csapat h\u00e1l\u00f3ja. Sebastiano Rossi kapus 929 j\u00e1t\u00e9kpercen \u00e1t nem kapott g\u00f3lt, december 19-t\u0151l m\u00e1rcius 20-ig. Csak k\u00e9tszer fordult el\u0151 abban a szezonban, hogy kett\u0151t vagy t\u00f6bb g\u00f3lt kaptak egy meccsen, az Udinese (2-2) \u00e9s a Sampdoria (2-3) \u00e9rt el ezt a brav\u00fart. Sz\u00f3val mondhatjuk, hogy a csapat m\u0171v\u00e9szi szintre emelte a v\u00e9dekez\u00e9st.<\/p>\n<p>A Milannak nem volt klasszikus k\u00f6z\u00e9pcsat\u00e1ra, ez is indokolta a 4-4-2-es fel\u00e1ll\u00e1st. Capello <a href=\"https:\/\/sempremilan.com\/capello-reminisces-1994-champions-league\" target=\"_blank\" rel=\"nofollow noopener\">ilyen elvek ment\u00e9n \u00e9p\u00edtette a csapat\u00e1t<\/a>: \u201eNem kell minden\u00e1ron g\u00f3l a csat\u00e1rt\u00f3l, de fontos, hogy r\u00e9szt vegyen az akci\u00f3kban, \u00e9s teret teremtsen a t\u00e1rsainak. Daniele Massaro ilyen volt, j\u00f3 sz\u00e9ls\u0151. Ha vannak t\u00e1mad\u00f3 k\u00f6z\u00e9pp\u00e1ly\u00e1sok, akik feltal\u00e1lj\u00e1k magukat a kapu el\u0151tt, vagy a h\u00e1tv\u00e9dek be tudnak illeszkedni a t\u00e1mad\u00e1sokba, akkor kompenz\u00e1lhatjuk a csat\u00e1r hi\u00e1ny\u00e1t. Sok olyan j\u00e1t\u00e9kosunk volt, akik j\u00f3l cseleztek, beilleszkedtek \u00e9s befejezt\u00e9k a t\u00e1mad\u00e1sokat. Dinamikus kerettel k\u00f6nnyebb bet\u00f6lteni a csat\u00e1rsorban keletkez\u0151 \u0171rt.\u201d<\/p>\n<p>A Bajnokok Lig\u00e1j\u00e1ban is prec\u00edzen \u00e9s fegyelmezetten v\u00e9dekeztek. Eleinte g\u00f3lt sem kaptak, a sv\u00e1jci Aarau (k\u00e9tszer 1-0) \u00e9s a d\u00e1n Koppenh\u00e1ga ellen (1-0, 6-0). A csoportk\u00f6rben ezut\u00e1n az Anderlecht (k\u00e9tszer 0-0) \u00e9s a Porto (3-0, 0-0) ismerte meg, milyen az, amikor Franco Baresi \u00e9s Fabio Costacurta \u00e1ll a v\u00e9delem tengely\u00e9ben. Egyed\u00fcl a n\u00e9met bajnok Werder Bremen tudott nekik g\u00f3lt r\u00fagni.<\/p>\n<p>Az akkori ki\u00edr\u00e1sban az el\u0151d\u00f6nt\u0151 egy meccses volt, itt a Monaco meg\u00edzlelhette, hogy az is f\u00e9lelmetes, ha a Milan t\u00e1mad\u00e1sban lend\u00fcl: 3-0-ra nyertek. A m\u00e1sik \u00e1gon a Barcelona ugyanilyen ar\u00e1nyban verte a Port\u00f3t, \u00edgy az \u00e9vad k\u00e9t legjobb csapata tal\u00e1lkozott az ath\u00e9ni d\u00f6nt\u0151ben.<\/p>\n<p>A Barcelona t\u00e1mad\u00f3j\u00e1t\u00e9ka Hriszto Sztoicskovra \u00e9s Romari\u00f3ra \u00e9p\u00fclt, \u00e9s persze a m\u00f6g\u00f6tt\u00fck l\u00e9v\u0151 k\u00f6z\u00e9pp\u00e1ly\u00e1sokra. A m\u00e1sik oldalon Franco Baresi \u00e9s Alessandro Costacurta eltilt\u00e1s miatt hi\u00e1nyzott a v\u00e9delem tengely\u00e9b\u0151l. Ide Paolo Maldini h\u00faz\u00f3dott be a bal oldalr\u00f3l, \u00e9s Filippo Galli ker\u00fclt mell\u00e9. Soha ilyen fel\u00e1ll\u00e1sban nem j\u00e1tszottak el\u0151tte.<\/p>\n<p>Meg tudja \u00e1ll\u00edtani a tartal\u00e9kos v\u00e9delem a bombaer\u0151s csat\u00e1rsort? Ezt a k\u00e9rd\u00e9st tette fel minden \u00fajs\u00e1g a d\u00f6nt\u0151 el\u0151tt. K\u00e9t st\u00edlus \u00e1llt szemben egym\u00e1ssal: a tot\u00e1lis futball, \u00e9s a tot\u00e1lis v\u00e9delem, az olasz catenaccio. Ez a 90 perc azt\u00e1n megmutatta, hogy a klis\u00e9k arra is j\u00f3k, hogy fel lehessen r\u00fagni azokat \u2013 ebben a d\u00f6nt\u0151ben a futball \u00fajra\u00e9rtelmez\u00e9s\u00e9t l\u00e1thattuk.<\/p>\n<p>A k\u00e9t \u00e9vvel kor\u00e1bban gy\u0151ztes edz\u0151, Johann Cruyff a Barcelona \u00e9l\u00e9n elk\u00f6vette azt a hib\u00e1t, hogy lebecs\u00fclte a Milant, \u00fagy nyilatkozott r\u00f3luk, hogy \u201esemmi k\u00fcl\u00f6n\u00f6set nem csin\u00e1lnak, de j\u00f3l v\u00e9dekeznek.\u201d A t\u00e1mad\u00e1s egy\u00e9bk\u00e9nt is fel\u00fclm\u00falja a v\u00e9dekez\u00e9st \u2013 hangoztatta. Cruyff teljesebbnek, tapasztaltabbnak, versenyk\u00e9pesebbnek l\u00e1tta csapat\u00e1t, mint a 92-es gy\u0151ztes fin\u00e1l\u00e9 el\u0151tt, ahol egy m\u00e1sik olasz csapatot, a Sampdori\u00e1t m\u00falt\u00e1k fel\u00fcl.<\/p>\n<p>\u201eJobbak vagytok, nyerni fogtok\u201d \u2013 <a href=\"https:\/\/www.goal.com\/en\/news\/the-games-that-defined-modern-football-ac-milan-4-0-barcelona-1994\/13fsmodpw0hb31qe37i8p65kar\" target=\"_blank\" rel=\"nofollow noopener\">ez volt az utols\u00f3 utas\u00edt\u00e1sa.<\/a> Ezek ut\u00e1n a Milan val\u00f3s\u00e1ggal sz\u00e9tz\u00fazta a Barcelon\u00e1t, olyan let\u00e1mad\u00e1st mutattak be, ami teljesen szokatlan volt, \u00e9s a k\u00e9t sz\u00e9ls\u0151j\u00fck, Massaro \u00e9s Dejan Savi\u010devi\u0107 sebess\u00e9g\u00e9vel nem tudott mit kezdeni a Barcelona v\u00e9delme. Minden id\u0151k legv\u00e1ratlanabb eredm\u00e9ny\u00e9t hozta ez a d\u00f6nt\u0151.<\/p>\n<p>M\u00e1r a f\u00e9lid\u0151ben 2-0-ra vezetett a Milan. Savi\u010devi\u0107 egy labdaszerz\u00e9s ut\u00e1n az \u00f6t\u00f6s sark\u00e1n nem tal\u00e1lta el j\u00f3l a labd\u00e1t, de az \u00e9pp j\u00f3 volt Massar\u00f3nak; azt\u00e1n ugyan\u0151 v\u00e1gta be Roberto Donadoni visszagur\u00edt\u00e1s\u00e1t. A sz\u00fcnet ut\u00e1n Savi\u010devi\u0107 elvette Miguel \u00c1ngel Nadalt\u00f3l a labd\u00e1t, \u00e9s a 16-os sark\u00e1r\u00f3l beemelte, emblematikus tal\u00e1lat volt (ekkoriban kapta meg az Il Genio becenevet). A v\u00e9geredm\u00e9nyt a francia Marcel Desailly \u00e1ll\u00edtotta be, aki egy \u00e9vvel kor\u00e1bban a Marseille-jel \u00e9pp a Milan ellen nyert a d\u00f6nt\u0151ben. \u00c9s m\u00e9g a klub tulajdonosa, Silvio Berlusconi is megnyerte az olasz v\u00e1laszt\u00e1sokat ezekben a napokban, hogy teljes legyen a mil\u00e1n\u00f3i siker.<\/p>\n<p><a href=\"https:\/\/telex.hu\/cimke\/bl-sztorik\" class=\"\" rel=\"nofollow noopener\" target=\"_blank\">A sorozat kor\u00e1bbi r\u00e9szeit itt tudja megn\u00e9zni.<\/a><\/p>\n","protected":false},"excerpt":{"rendered":"K\u00fcl\u00f6nleges \u00e9v volt az 1994-es a Milan-drukkereknek. Fabio Capello csapata 34 bajnoki meccsen mind\u00f6ssze 36 g\u00f3lt l\u0151tt, \u00e9s&hellip;\n","protected":false},"author":2,"featured_media":100749,"comment_status":"","ping_status":"","sticky":false,"template":"","format":"standard","meta":{"footnotes":"","_share_on_mastodon":"0"},"categories":[14],"tags":[8803,1812,31692,33901,553,44,42,40,43,41,45,131],"class_list":["post-100748","post","type-post","status-publish","format-standard","has-post-thumbnail","category-sport","tag-ac-milan","tag-bajnokok-ligaja","tag-bl-sztorik","tag-fabio-capello","tag-futball","tag-hu","tag-hungarian","tag-hungary","tag-magyar","tag-magyarorszag","tag-sport","tag-sports"],"share_on_mastodon":{"url":"https:\/\/pubeurope.com\/@hu\/116577270939112991","error":""},"_links":{"self":[{"href":"https:\/\/www.europesays.com\/hu\/wp-json\/wp\/v2\/posts\/100748","targetHints":{"allow":["GET"]}}],"collection":[{"href":"https:\/\/www.europesays.com\/hu\/wp-json\/wp\/v2\/posts"}],"about":[{"href":"https:\/\/www.europesays.com\/hu\/wp-json\/wp\/v2\/types\/post"}],"author":[{"embeddable":true,"href":"https:\/\/www.europesays.com\/hu\/wp-json\/wp\/v2\/users\/2"}],"replies":[{"embeddable":true,"href":"https:\/\/www.europesays.com\/hu\/wp-json\/wp\/v2\/comments?post=100748"}],"version-history":[{"count":0,"href":"https:\/\/www.europesays.com\/hu\/wp-json\/wp\/v2\/posts\/100748\/revisions"}],"wp:featuredmedia":[{"embeddable":true,"href":"https:\/\/www.europesays.com\/hu\/wp-json\/wp\/v2\/media\/100749"}],"wp:attachment":[{"href":"https:\/\/www.europesays.com\/hu\/wp-json\/wp\/v2\/media?parent=100748"}],"wp:term":[{"taxonomy":"category","embeddable":true,"href":"https:\/\/www.europesays.com\/hu\/wp-json\/wp\/v2\/categories?post=100748"},{"taxonomy":"post_tag","embeddable":true,"href":"https:\/\/www.europesays.com\/hu\/wp-json\/wp\/v2\/tags?post=100748"}],"curies":[{"name":"wp","href":"https:\/\/api.w.org\/{rel}","templated":true}]}}