{"id":101243,"date":"2026-05-15T14:07:09","date_gmt":"2026-05-15T14:07:09","guid":{"rendered":"https:\/\/www.europesays.com\/hu\/101243\/"},"modified":"2026-05-15T14:07:09","modified_gmt":"2026-05-15T14:07:09","slug":"index-fomo-olah-ibolya-orban-viktornak-mar-reg-elmentek-otthonrol-egy-szociopata","status":"publish","type":"post","link":"https:\/\/www.europesays.com\/hu\/101243\/","title":{"rendered":"Index &#8211; FOMO &#8211; Ol\u00e1h Ibolya: Orb\u00e1n Viktornak m\u00e1r r\u00e9g elmentek otthonr\u00f3l, egy szociopata"},"content":{"rendered":"<p>A Tisza P\u00e1rt Kossuth t\u00e9ri rendezv\u00e9nye ut\u00e1n a <a href=\"https:\/\/hvg.hu\/360\/20260515_olah-ibolya-interju-magyarorszag-kossuth-ter-beiktatas-tisza-magyar-peter-fidesz-gyerekotthon\" id=\"hyperlink_ebe90582984294170056f8c2183e00e6\" rel=\"nofollow noopener\" target=\"_blank\">HVG<\/a>-nek adott interj\u00faban Ol\u00e1h Ibolya arr\u00f3l besz\u00e9lt, hogy a <a href=\"https:\/\/index.hu\/belfold\/2026\/05\/09\/orszaggyules-parlament-miniszterelnok-alakulo-ules-magyar-peter-tisza-part-fidesz-kdnp-mi-hazank-mozgalom-valasztas2026\/olah-ibolya-enekel\/\" id=\"hyperlink_2528216b605e6477827c642c0ee8fac5\" target=\"_blank\" title=\"Ol\u00e1h Ibolya \u00e9nekel\" rel=\"nofollow noopener\">fell\u00e9p\u00e9s sz\u00e1m\u00e1ra er\u0151s \u00e9rzelmi \u00e9lm\u00e9ny volt<\/a>, \u00e9s nehezen tudta elhinni, ami t\u00f6rt\u00e9nt, a helyzetet t\u00f6rt\u00e9nelmi jelent\u0151s\u00e9g\u0171nek \u00e9lte meg.<\/p>\n<p>Az \u00e9nekesn\u0151 szerint <a href=\"https:\/\/index.hu\/belfold\/2026\/05\/10\/geszti-peter-rapper-kossuth-ter-unnepseg-reszvetel-magyar-peter-miniszterelnok-esku-himnusz-demokracia\/\" id=\"hyperlink_5e8df4bc0e424fc0769bc3d876ea9d31\" target=\"_blank\" title=\"Geszti P\u00e9ter a Kossuth t\u00e9ren: A legszebb aj\u00e1nd\u00e9kot kaptam, amire ember v\u00e1gyhat\" rel=\"nofollow noopener\">a rendezv\u00e9ny egyik legmeghat\u00e1roz\u00f3bb \u00e9lm\u00e9nye<\/a> az volt, hogy kor\u00e1bban elk\u00e9pzelhetetlennek tartott v\u00e1ltoz\u00e1s k\u00f6vetkezett be.<\/p>\n<p>Azt se hittem, hogy ezt valaha meg\u00e9lhetem, azt gondoltam, el kell k\u00f6lt\u00f6zn\u00f6m Magyarorsz\u00e1gr\u00f3l, hogy \u00faj \u00e9letet tudjak kezdeni<\/p>\n<p>\u2013 fogalmazott.\u00a0<\/p>\n<p>A korm\u00e1nyv\u00e1lt\u00e1sr\u00f3l sz\u00f3lva arr\u00f3l besz\u00e9lt, hogy sok\u00e1ig nem hitte, hogy a politikai fordulat val\u00f3ban megt\u00f6rt\u00e9nhet. Szerinte az eredm\u00e9ny feldolgoz\u00e1sa is id\u0151be telt. \u201eSok\u00e1ig el se akartam hinni, hogy nem \u00edgy lett. El kellett telnie k\u00e9t h\u00e9tnek, m\u00edg lecsap\u00f3dott\u201d \u2013 mondta.<\/p>\n<p>\u00dagy l\u00e1tja, hogy most \u00f6sszefogott a t\u00e1rsadalom a Fidesz lev\u00e1lt\u00e1s\u00e1nak \u00e9rdek\u00e9ben. Az \u00e9nekesn\u0151 a\u00a0NER-rel kapcsolatban er\u0151s kritik\u00e1t fogalmazott meg, \u00e9s \u00fagy v\u00e9lekedett, hogy a rendszer hossz\u00fa id\u0151 alatt megosztotta a t\u00e1rsadalmat.<\/p>\n<p>Orb\u00e1n Viktornak m\u00e1r r\u00e9g elmentek otthonr\u00f3l, egy szociopata, aki minket b\u00fcntetett a gyerekkori s\u00e9relmei\u00e9rt.\u00a0De nagyon k\u00f6sz\u00f6n\u00f6m p\u00e9ld\u00e1ul L\u00e1z\u00e1r J\u00e1nosnak is, hogy ilyen sokat tett a korm\u00e1nyv\u00e1lt\u00e1s\u00e9rt<\/p>\n<p>\u2013 jelentette ki.<\/p>\n<p>Az \u00e9nekesn\u0151 \u00fagy l\u00e1tja, hogy azt hitt\u00e9k, soha nem fogj\u00e1k lev\u00e1ltani \u0151ket, ez\u00e9rt mindent megtehetnek, \u201e<a href=\"https:\/\/index.hu\/belfold\/2026\/04\/02\/olah-ibolya-roma-valasztopolgarok-uzenet-valasztas-2026\/\" id=\"hyperlink_479ae452aec89c1181840f46d9319612\" target=\"_blank\" title=\"Ol\u00e1h Ibolya \u00fczent a roma v\u00e1laszt\u00f3polg\u00e1roknak, elmondta, kire k\u00e9ne szavazniuk\" rel=\"nofollow noopener\">ez\u00e9rt cig\u00e1nyozhat L\u00e1z\u00e1r is<\/a>, ez\u00e9rt mondhatta, hogy \u00bbakinek nincs semmije, az annyit is \u00e9r\u00ab\u201d. Majd hozz\u00e1tette, hogy \u201e\u00e9lhetetlenn\u00e9 v\u00e1lt a magyar t\u00e1rsadalom, elbut\u00edtott\u00e1k az oktat\u00e1st, a kult\u00far\u00e1t: aki nem \u00e1ll be \u00e9s nem nyal segget, nem tud fell\u00e9pni. Milyen \u00e9rdekes, most engem h\u00edvtak fell\u00e9pni egy fideszes falunapra, ahol a j\u00f3l ismert NER-es influenszerek szoktak fell\u00e9pni. De \u00e9n nem v\u00e1llalok falunapokat\u201d.<\/p>\n<p>Arra a k\u00e9rd\u00e9sre, hogy eljutott-e a szegreg\u00e1tumokba L\u00e1z\u00e1r J\u00e1nos v\u00e9c\u00e9pucol\u00f3z\u00e1sa, azt v\u00e1laszolta, hogy \u201et\u00f6k\u00e9letesen tudt\u00e1k, mir\u0151l van sz\u00f3. \u00c9s nagyon sokat sz\u00e1m\u00edtott. K\u00f6sz\u00f6nik sz\u00e9pen\u201d.<\/p>\n<p>                        Megm\u00e9rgezett t\u00e1rsadalom\u00a0<\/p>\n<p>Az \u00e9nekesn\u0151 a k\u00f6z\u00e9leti viszonyokr\u00f3l sz\u00f3lva azt is hangs\u00falyozta, hogy szerinte a rendszer m\u0171k\u00f6d\u00e9se sokakat ellehetetlen\u00edtett. \u00dagy fogalmazott: \u201eOlyan szinten m\u00e9rgezt\u00e9k meg a t\u00e1rsadalmat 16 \u00e9v alatt, hogy borzaszt\u00f3\u201d, \u00e9s hozz\u00e1tette, hogy a propaganda \u00e9s a f\u00e9lelem is szerepet j\u00e1tszott a helyzet kialakul\u00e1s\u00e1ban.<\/p>\n<p>Arra a k\u00e9rd\u00e9sre, hogy soha, egyetlen pillanatra sem ingott-e meg a Fidesz r\u00e9v\u00e9n el\u00e9rhet\u0151 gazdags\u00e1g lehet\u0151s\u00e9g\u00e9t\u0151l, hosszan v\u00e1laszolt.\u00a0<\/p>\n<p>\u201eT\u00f6bbsz\u00f6r kerestek meg, mindig m\u00e1s ember, \u00e9s sz\u00e9p \u00f6sszegeket k\u00edn\u00e1ltak, de soha nem fordult meg a fejemben, hogy elfogadjam. Azt k\u00e9rtem: uram, ne s\u00e9rtsen meg, legyen kedves od\u00e9bb tipegni, \u00e9s ha m\u00e9g egyszer idej\u00f6n, sz\u00e9tr\u00fagom a segg\u00e9t. \u00c9s \u00fczenje meg a f\u0151n\u00f6k\u00e9nek, hogy m\u00e1r n\u00e9gyszer-\u00f6tsz\u00f6r j\u00f6ttek, a k\u00f6vetkez\u0151nek t\u00e9nyleg sz\u00e9tr\u00fagom. Azt hallottam, hogy az egyik azt mondta a f\u0151n\u00f6k\u00e9nek: \u00bbK\u00e9ptelens\u00e9g Ol\u00e1h Iboly\u00e1t megvenni\u00ab\u201d \u2013 felelte.<\/p>\n<p>Az interj\u00fa v\u00e9g\u00e9n arr\u00f3l besz\u00e9lt, hogy nem k\u00edv\u00e1n p\u00e1rtpolitikai szerepl\u0151k\u00e9nt megjelenni, \u00e9s nem k\u00f6t\u0151dik egyik oldalhoz sem. \u201e\u00c9n nem vagyok se tisz\u00e1s, se m\u00e1smilyen\u201d \u2013 mondta, hozz\u00e1t\u00e9ve, hogy sz\u00e1m\u00e1ra a legfontosabb az orsz\u00e1g m\u0171k\u00f6d\u0151k\u00e9pess\u00e9ge \u00e9s a t\u00e1rsadalmi b\u00e9ke helyre\u00e1ll\u00e1sa.<\/p>\n<p>\n                          (Bor\u00edt\u00f3k\u00e9p:\u00a0Ol\u00e1h Ibolya 2026. m\u00e1jus 9-\u00e9n. Fot\u00f3:\u00a0N\u00e9meth Kata \/ Index)\n                        <\/p>\n<p>    <img decoding=\"async\" src=\"https:\/\/index.hu\/assets\/images\/social-follow\/logo-big.svg\" alt=\"Index.hu logo\"\/><\/p>\n<p>K\u00f6vesse az Indexet Facebookon is!<\/p>\n<p>    <a href=\"https:\/\/facebook.com\/Indexhu\" target=\"_blank\" rel=\"nofollow noopener\"><\/p>\n<p>        K\u00f6vetem!<br \/>\n    <\/a><\/p>\n","protected":false},"excerpt":{"rendered":"A Tisza P\u00e1rt Kossuth t\u00e9ri rendezv\u00e9nye ut\u00e1n a HVG-nek adott interj\u00faban Ol\u00e1h Ibolya arr\u00f3l besz\u00e9lt, hogy a fell\u00e9p\u00e9s&hellip;\n","protected":false},"author":2,"featured_media":101244,"comment_status":"","ping_status":"","sticky":false,"template":"","format":"standard","meta":{"footnotes":"","_share_on_mastodon":"0"},"categories":[16],"tags":[137,185,44,42,40,16570,6274,43,944,41,5038,138,945],"class_list":["post-101243","post","type-post","status-publish","format-standard","has-post-thumbnail","category-szorakozas","tag-entertainment","tag-fomo","tag-hu","tag-hungarian","tag-hungary","tag-kormanyvalsag","tag-kossuth-ter","tag-magyar","tag-magyar-peter","tag-magyarorszag","tag-olah-ibolya","tag-szorakozas","tag-tisza-part"],"share_on_mastodon":{"url":"https:\/\/pubeurope.com\/@hu\/116578985324348520","error":""},"_links":{"self":[{"href":"https:\/\/www.europesays.com\/hu\/wp-json\/wp\/v2\/posts\/101243","targetHints":{"allow":["GET"]}}],"collection":[{"href":"https:\/\/www.europesays.com\/hu\/wp-json\/wp\/v2\/posts"}],"about":[{"href":"https:\/\/www.europesays.com\/hu\/wp-json\/wp\/v2\/types\/post"}],"author":[{"embeddable":true,"href":"https:\/\/www.europesays.com\/hu\/wp-json\/wp\/v2\/users\/2"}],"replies":[{"embeddable":true,"href":"https:\/\/www.europesays.com\/hu\/wp-json\/wp\/v2\/comments?post=101243"}],"version-history":[{"count":0,"href":"https:\/\/www.europesays.com\/hu\/wp-json\/wp\/v2\/posts\/101243\/revisions"}],"wp:featuredmedia":[{"embeddable":true,"href":"https:\/\/www.europesays.com\/hu\/wp-json\/wp\/v2\/media\/101244"}],"wp:attachment":[{"href":"https:\/\/www.europesays.com\/hu\/wp-json\/wp\/v2\/media?parent=101243"}],"wp:term":[{"taxonomy":"category","embeddable":true,"href":"https:\/\/www.europesays.com\/hu\/wp-json\/wp\/v2\/categories?post=101243"},{"taxonomy":"post_tag","embeddable":true,"href":"https:\/\/www.europesays.com\/hu\/wp-json\/wp\/v2\/tags?post=101243"}],"curies":[{"name":"wp","href":"https:\/\/api.w.org\/{rel}","templated":true}]}}