{"id":103769,"date":"2026-05-17T19:06:07","date_gmt":"2026-05-17T19:06:07","guid":{"rendered":"https:\/\/www.europesays.com\/hu\/103769\/"},"modified":"2026-05-17T19:06:07","modified_gmt":"2026-05-17T19:06:07","slug":"horrorfilmes-helyszineknek-beillo-birosagok-kepeivel-reagaltak-a-birok-a-kuria-fenyuzesere","status":"publish","type":"post","link":"https:\/\/www.europesays.com\/hu\/103769\/","title":{"rendered":"Horrorfilmes helysz\u00edneknek beill\u0151 b\u00edr\u00f3s\u00e1gok k\u00e9peivel reag\u00e1ltak a b\u00edr\u00f3k a K\u00faria f\u00e9ny\u0171z\u00e9s\u00e9re"},"content":{"rendered":"<p>Teljesen leharcolt, szinte omladoz\u00f3nak t\u0171n\u0151 b\u00edr\u00f3s\u00e1gi \u00e9p\u00fcletbels\u0151kr\u0151l tett k\u00f6zz\u00e9 fot\u00f3kat <a href=\"https:\/\/www.facebook.com\/permalink.php?story_fbid=pfbid02pXaNQu9BXSxXZ3EPvhGpd2KwZBPA9d6afoq2Cn1MSUEqmrnZrt3xzAoMkpqjYWSMl&amp;id=61559072668390\" target=\"_blank\" rel=\"nofollow noopener\">k\u00f6z\u00f6ss\u00e9gi oldal\u00e1n<\/a> a Magyar B\u00edr\u00f3i Egyes\u00fclet vas\u00e1rnap este, miut\u00e1n Magyar P\u00e9ter \u00fajabb \u00e9p\u00fcletbej\u00e1r\u00e1s\u00e1val a K\u00faria Kossuth t\u00e9ri palot\u00e1j\u00e1nak f\u00e9ny\u0171z\u00e9se is a nyilv\u00e1noss\u00e1g homlokter\u00e9be ker\u00fclt.<\/p>\n<p> <a href=\"https:\/\/www.facebook.com\/permalink.php?story_fbid=pfbid02pXaNQu9BXSxXZ3EPvhGpd2KwZBPA9d6afoq2Cn1MSUEqmrnZrt3xzAoMkpqjYWSMl&amp;id=61559072668390\" target=\"_blank\" rel=\"nofollow noopener\"> <\/p>\n<p>https:\/\/www.facebook.com\/permalink.php?story_fbid=pfbid02pXaNQu9BXSxXZ3EPvhGpd2KwZBPA9d6afoq2Cn1MSUEqmrnZrt3xzAoMkpqjYWSMl&#038;id=61559072668390<\/p>\n<p>A les\u00fajt\u00f3 \u00e1llapotokat bemutat\u00f3 gal\u00e9ri\u00e1hoz az egyes\u00fclet mind\u00f6ssze annyit \u00edrt: \u201eK\u00e9pek a magyar b\u00edr\u00f3s\u00e1gokr\u00f3l 2026\u201d, a bejegyz\u00e9st pedig k\u00e9t linkkel helyezt\u00e9k kontextusba, amelyek a Varga Zs. Andr\u00e1s vezette K\u00faria vas\u00e1rnapi k\u00f6zlem\u00e9nyeire utalnak.<\/p>\n<p>Az egyikkel a K\u00faria arra reag\u00e1lt, hogy Magyar P\u00e9ter a Karmelita szombati bemutat\u00e1sa k\u00f6zben utal\u00e1st tett a Kossuth t\u00e9ri \u00e9p\u00fclet hasonl\u00f3 f\u00e9ny\u0171z\u00e9s\u00e9re. Erre v\u00e1laszul azt hangs\u00falyozt\u00e1k, hogy a K\u00faria \u00e9p\u00fclet\u00e9ben nincs \u00e9s nem is terveztek p\u00e9ld\u00e1ul szivarszob\u00e1t vagy eln\u00f6ki lakoszt\u00e1lyt. Miut\u00e1n azonban Magyar P\u00e9ter vas\u00e1rnap ebb\u0151l az \u00e9p\u00fcletb\u0151l is igen extravag\u00e1ns klubhelyis\u00e9g \u00e9s egy\u00e9b bels\u0151 terek k\u00e9peit mutatta be, a K\u00faria \u00fajabb k\u00f6zlem\u00e9nnyel \u00e1llt el\u0151.<\/p>\n<p> <a href=\"https:\/\/hvg.hu\/itthon\/20260517_magyar-peter-varga-zs-andras-kuria-elnok-lemondas-luxus\" target=\"_self\" rel=\"nofollow noopener\"> <\/p>\n<p>https:\/\/hvg.hu\/itthon\/20260517_magyar-peter-varga-zs-andras-kuria-elnok-lemondas-luxus<\/p>\n<p>\u00d6r\u00f6m\u00fcnkre szolg\u00e1l, hogy Magyarorsz\u00e1g minisztereln\u00f6ke r\u00e1ir\u00e1ny\u00edtotta a sz\u00e9lesebb k\u00f6zv\u00e9lem\u00e9ny figyelm\u00e9t is a Kossuth t\u00e9ri Igazs\u00e1g\u00fcgyi Palota fel\u00faj\u00edt\u00e1s\u00e1ra \u00e9s a K\u00faria \u00bbhazat\u00e9r\u00e9s\u00e9re\u00ab <\/p>\n<p>\u2013 fogalmaztak ebben, mintha semmilyen probl\u00e9m\u00e1t nem l\u00e1tn\u00e1nak \u00e9rz\u00e9kelhet\u0151nek a fel\u00faj\u00edtott palota bels\u0151j\u00e9ben.\u00a0<\/p>\n<p> <a href=\"https:\/\/hvg.hu\/itthon\/20260517_varga-zs-andras-kuria-magyar-peter-kossuth-ter-felujitas\" target=\"_self\" rel=\"nofollow noopener\"> <\/p>\n<p>https:\/\/hvg.hu\/itthon\/20260517_varga-zs-andras-kuria-magyar-peter-kossuth-ter-felujitas<\/p>\n<p>Nyit\u00f3k\u00e9p: Magyar B\u00edr\u00f3i Egyes\u00fclet \/ Facebook<\/p>\n","protected":false},"excerpt":{"rendered":"Teljesen leharcolt, szinte omladoz\u00f3nak t\u0171n\u0151 b\u00edr\u00f3s\u00e1gi \u00e9p\u00fcletbels\u0151kr\u0151l tett k\u00f6zz\u00e9 fot\u00f3kat k\u00f6z\u00f6ss\u00e9gi oldal\u00e1n a Magyar B\u00edr\u00f3i Egyes\u00fclet vas\u00e1rnap este,&hellip;\n","protected":false},"author":2,"featured_media":103770,"comment_status":"","ping_status":"","sticky":false,"template":"","format":"standard","meta":{"footnotes":"","_share_on_mastodon":"0"},"categories":[17],"tags":[34645,137,2928,34646,160,44,42,40,6274,7974,43,29579,41,159,99,138,26620],"class_list":["post-103769","post","type-post","status-publish","format-standard","has-post-thumbnail","category-filmek","tag-birosagok","tag-entertainment","tag-epulet","tag-fenyuzes","tag-filmek","tag-hu","tag-hungarian","tag-hungary","tag-kossuth-ter","tag-kuria","tag-magyar","tag-magyar-biroi-egyesulet","tag-magyarorszag","tag-movie","tag-politika","tag-szorakozas","tag-varga-zs-andras"],"share_on_mastodon":{"url":"https:\/\/pubeurope.com\/@hu\/116591485820862237","error":""},"_links":{"self":[{"href":"https:\/\/www.europesays.com\/hu\/wp-json\/wp\/v2\/posts\/103769","targetHints":{"allow":["GET"]}}],"collection":[{"href":"https:\/\/www.europesays.com\/hu\/wp-json\/wp\/v2\/posts"}],"about":[{"href":"https:\/\/www.europesays.com\/hu\/wp-json\/wp\/v2\/types\/post"}],"author":[{"embeddable":true,"href":"https:\/\/www.europesays.com\/hu\/wp-json\/wp\/v2\/users\/2"}],"replies":[{"embeddable":true,"href":"https:\/\/www.europesays.com\/hu\/wp-json\/wp\/v2\/comments?post=103769"}],"version-history":[{"count":0,"href":"https:\/\/www.europesays.com\/hu\/wp-json\/wp\/v2\/posts\/103769\/revisions"}],"wp:featuredmedia":[{"embeddable":true,"href":"https:\/\/www.europesays.com\/hu\/wp-json\/wp\/v2\/media\/103770"}],"wp:attachment":[{"href":"https:\/\/www.europesays.com\/hu\/wp-json\/wp\/v2\/media?parent=103769"}],"wp:term":[{"taxonomy":"category","embeddable":true,"href":"https:\/\/www.europesays.com\/hu\/wp-json\/wp\/v2\/categories?post=103769"},{"taxonomy":"post_tag","embeddable":true,"href":"https:\/\/www.europesays.com\/hu\/wp-json\/wp\/v2\/tags?post=103769"}],"curies":[{"name":"wp","href":"https:\/\/api.w.org\/{rel}","templated":true}]}}