{"id":104252,"date":"2026-05-18T07:31:11","date_gmt":"2026-05-18T07:31:11","guid":{"rendered":"https:\/\/www.europesays.com\/hu\/104252\/"},"modified":"2026-05-18T07:31:11","modified_gmt":"2026-05-18T07:31:11","slug":"telex-a-bajnokok-ligaja-legnagyobb-magyar-sikereit-nem-a-futballistak-hanem-a-birok-szallitottak-2","status":"publish","type":"post","link":"https:\/\/www.europesays.com\/hu\/104252\/","title":{"rendered":"Telex: A Bajnokok Lig\u00e1ja legnagyobb magyar sikereit nem a futballist\u00e1k, hanem a b\u00edr\u00f3k sz\u00e1ll\u00edtott\u00e1k"},"content":{"rendered":"<p>A magyar j\u00e1t\u00e9kvezet\u00e9s mostan\u00e1ban nem a legszebb napjait \u00e9li, jelenleg nincs a legmagasabb szinten jegyzett j\u00e1t\u00e9kvezet\u0151nk. Emiatt id\u00e9n fel sem mer\u00fclhetett, hogy esetleg magyar b\u00edr\u00f3i csapat vezesse a BL t\u00f6rt\u00e9net\u00e9nek els\u0151 budapesti d\u00f6nt\u0151j\u00e9t. Az UEFA n\u00e9h\u00e1ny nappal ezel\u0151tt a n\u00e9met Daniel Siebertre \u00e9s seg\u00edt\u0151ire b\u00edzta a Paris Saint-Germain \u00e9s az Arsenal \u00f6sszecsap\u00e1s\u00e1nak levezet\u00e9s\u00e9t.<\/p>\n<p>A m\u00falt sikerei pedig arra predesztin\u00e1ln\u00e1k a magyar j\u00e1t\u00e9kvezet\u0151ket, hogy a futball legmagasabb szintj\u00e9n m\u0171k\u00f6djenek. Az olyan kiemelked\u0151 b\u00edr\u00f3knak k\u00f6sz\u00f6nhet\u0151en, mint Palotai K\u00e1roly, Puhl S\u00e1ndor \u00e9s Kassai Viktor, a Magyar Labdar\u00fag\u00f3 Sz\u00f6vets\u00e9g a mai napig el\u0151kel\u0151 helyen \u00e1ll az eur\u00f3pai b\u00edr\u00f3rangsorban. \u0150k h\u00e1rman egy\u00fctt 4 BEK-, illetve BL-d\u00f6nt\u0151t vezettek, enn\u00e9l t\u00f6bb d\u00f6nt\u0151s b\u00edr\u00f3t csak az olyan nagy futballhatalmak adtak a sport\u00e1gnak, mint N\u00e9metorsz\u00e1g, Olaszorsz\u00e1g, Anglia, Franciaorsz\u00e1g \u00e9s Spanyolorsz\u00e1g, valamint a sportdiplom\u00e1ci\u00e1ban mindig is befoly\u00e1sos Sv\u00e1jc.<\/p>\n<p>Palotai K\u00e1roly<\/p>\n<p>A b\u00e9k\u00e9scsabai sz\u00fclet\u00e9s\u0171 Palotai K\u00e1roly a vil\u00e1g legjobb b\u00edr\u00f3i k\u00f6z\u00f6tt is egyed\u00fcl\u00e1ll\u00f3: soha egy j\u00e1t\u00e9kvezet\u0151nek sem volt olyan gazdag j\u00e1t\u00e9kos p\u00e1lyafut\u00e1sa, mint neki. Csapatkapit\u00e1nya volt az 1964-es toki\u00f3i olimpi\u00e1t megnyer\u0151 magyar v\u00e1logatottnak. Bajnok \u00e9s t\u00f6bbsz\u00f6r\u00f6s kupagy\u0151ztes volt a Gy\u0151ri ETO-val. 1965-ben el\u0151d\u00f6nt\u0151t j\u00e1tszott a Bajnokcsapatok Eur\u00f3pa-kup\u00e1j\u00e1ban, ahol az Eus\u00e9bi\u00f3val fel\u00e1ll\u00f3 Benfica \u00e1ll\u00edtotta meg \u0151ket, amelyet akkoriban a magyar sz\u00e1rmaz\u00e1s\u00fa Schwartz Elek edzett.<\/p>\n<p>Palotai K\u00e1rolyt v\u00e9gs\u0151 soron az 1956-os forradalom ind\u00edtotta el a j\u00e1t\u00e9kvezet\u00e9s fel\u00e9, de ezt akkor m\u00e9g nem tudhatta. Testv\u00e9r\u00e9vel, az egyszeres v\u00e1logatott kapus Palotai J\u00e1nossal egy\u00fctt az ETO-ban j\u00e1tszottak, amikor egyik napr\u00f3l a m\u00e1sikra \u00fagy d\u00f6nt\u00f6ttek, hogy Nyugatra disszid\u00e1lnak. \u201eAhhoz, hogy ez \u00e9rthet\u0151 \u00e9s tal\u00e1n elfogadhat\u00f3 legyen, itt kell \u00e9lni a hat\u00e1r k\u00f6zel\u00e9ben, ahonnan akkor szinte kif\u00fajta az embert a sz\u00e9l! Az egyik nap m\u00e9g esz\u00fcnkben sem volt, hogy megy\u00fcnk, a m\u00e1sikon pedig m\u00e1r kinn tal\u00e1ltuk magunkat J\u00e1nos b\u00e1ty\u00e1mmal \u00e9s klubt\u00e1rsammal, P\u00e1lfyval (P\u00e1lfy Antal \u2013 a szerk.)\u201d \u2013 nyilatkozta Palotai Bajnai Ter\u00e9z \u00e9s K\u00fcrti Andr\u00e1s 1983-ban megjelent, Nagy visszat\u00e9r\u00e9sek c\u00edm\u0171 k\u00f6nyv\u00e9ben.<\/p>\n<p><img decoding=\"async\" src=\"https:\/\/www.europesays.com\/hu\/wp-content\/uploads\/2026\/05\/1778939859-temp-kof6inaerqs37iiopen_cikktorzs:xl.jpg\"  loading=\"lazy\" alt=\"M\u00fcncz Gy\u00f6rgy, Palotai K\u00e1roly \u00e9s T\u00e1trai L\u00e1szl\u00f3 vezeti ki a p\u00e1ly\u00e1ra a sk\u00f3t \u00e9s angol v\u00e1logatottat a glasgow-i Hampden Parkban 1976. m\u00e1jus 15-\u00e9n \u2013 Fot\u00f3: Peter Robinson \/ Empics Sport \/ Getty Images\" class=\"placeholder_\"\/><\/p>\n<p>M\u00fcncz Gy\u00f6rgy, Palotai K\u00e1roly \u00e9s T\u00e1trai L\u00e1szl\u00f3 vezeti ki a p\u00e1ly\u00e1ra a sk\u00f3t \u00e9s angol v\u00e1logatottat a glasgow-i Hampden Parkban 1976. m\u00e1jus 15-\u00e9n \u2013 Fot\u00f3: Peter Robinson \/ Empics Sport \/ Getty Images<\/p>\n<p>A f\u00e9l\u00e9ves nemzetk\u00f6zi eltilt\u00e1s ut\u00e1n a nyugatn\u00e9met Freiburger FC igazolta le Palotait. A futball mellett a helyi Siemens-gy\u00e1rban dolgozott, ahol megtanult n\u00e9met\u00fcl, aminek k\u00e9s\u0151bb m\u00e9g nagy haszn\u00e1t vette. Alig k\u00e9t \u00e9v eltelt\u00e9vel az ETO h\u00edv\u00e1s\u00e1ra m\u00e9gis hazat\u00e9rt Magyarorsz\u00e1gra, ahol \u00fajabb f\u00e9l\u00e9ves eltilt\u00e1s v\u00e1rt r\u00e1. Ezt az \u201ealkalmat\u201d kihaszn\u00e1lva, 1959-ben letette az edz\u0151i \u00e9s a j\u00e1t\u00e9kvezet\u0151i vizsg\u00e1t. A profi futballt 32 \u00e9vesen, az 1967-es N\u00e9pk\u00f6zt\u00e1rsas\u00e1g Kupa-d\u00f6nt\u0151j\u00e9n elszenvedett s\u00e9r\u00fcl\u00e9se miatt hagyta abba. Az edz\u0151sk\u00f6d\u00e9s helyett ink\u00e1bb a kisz\u00e1m\u00edthat\u00f3bb b\u00edr\u00f3i p\u00e1ly\u00e1t v\u00e1lasztotta, ahol m\u00e9g nagyobb sikereket \u00e9rt el. H\u00e1rom vil\u00e1gbajnoks\u00e1gon (1974, 1978, 1982), k\u00e9t olimpi\u00e1n (1972 \u00e9s 1976) egy Eur\u00f3pa-bajnoks\u00e1gon (1980) szerepelt, valamint t\u00f6bb eur\u00f3pai kupad\u00f6nt\u0151 levezet\u00e9s\u00e9vel is megb\u00edzt\u00e1k.<\/p>\n<p>Palotai K\u00e1roly azon kev\u00e9s j\u00e1t\u00e9kvezet\u0151k k\u00f6z\u00e9 tartozik, akik k\u00e9t d\u00f6nt\u0151t is vezethettek a legrangosabb eur\u00f3pai kupasorozatban. Ezt rajta k\u00edv\u00fcl csak a holland Leo Hornnak, a sv\u00e1jci Gottfried Dienstnek \u00e9s az olasz Concetto Lo Bell\u00f3nak adatott m\u00e9g meg.<\/p>\n<p>Palotai els\u0151 BEK-fin\u00e1l\u00e9ja az 1976-os volt, ahol a k\u00e9tszeres c\u00edmv\u00e9d\u0151 n\u00e9met Bayern M\u00fcnchen a francia bajnok Saint-\u00c9tienne-nel tal\u00e1lkozott. A glasgow-i Hampden Parkban rendezett d\u00f6nt\u0151n M\u00fcncz Gy\u00f6rgy \u00e9s T\u00e1trai L\u00e1szl\u00f3 voltak Palotai asszisztensei. A kiegyenl\u00edtett k\u00fczdelmet hoz\u00f3 d\u00f6nt\u0151t a korszakos Bayern Franz Roth bombag\u00f3lj\u00e1val 1-0-ra nyerte meg, amivel zsin\u00f3rban a harmadik BEK-gy\u0151zelm\u00fcket aratt\u00e1k. \u201eA m\u00e9rk\u0151z\u00e9sen egyik csapattal sem volt komoly probl\u00e9m\u00e1m, mindkett\u0151 kit\u0171n\u0151 partnernek bizonyult, \u00edgy k\u00fcl\u00f6n\u00f6sebb fegyelmez\u00e9sre sem volt sz\u00fcks\u00e9g. Sz\u00e1nd\u00e9kosan nem besz\u00e9ltem a p\u00e1ly\u00e1n n\u00e9met\u00fcl, nehogy ez a francia j\u00e1t\u00e9kosok k\u00f6r\u00e9ben ellen\u00e9rz\u00e9st v\u00e1ltson ki. A d\u00f6nt\u0151 ut\u00e1n mindk\u00e9t csapat vezet\u0151i gratul\u00e1ltak m\u0171k\u00f6d\u00e9s\u00fcnkh\u00f6z\u201d \u2013 mondta a d\u00f6nt\u0151 ut\u00e1n Palotai, aki lap n\u00e9lk\u00fcl lehozta a meccset.<\/p>\n<p>A k\u00f6vetkez\u0151 BEK-d\u00f6nt\u0151s felk\u00e9r\u00e9s 1981-ben \u00e9rte Palotait. A p\u00e1rizsi Parc des Princes-stadionban rendezett d\u00f6nt\u0151be a Liverpool \u00e9s a Real Madrid jutott be, ami j\u00e1t\u00e9kvezet\u0151i szempontb\u00f3l nem \u00edg\u00e9rkezett k\u00f6nny\u0171 m\u00e9rk\u0151z\u00e9snek. Az UEFA \u00e9ppen ez\u00e9rt az egyik legtapasztaltabb j\u00e1t\u00e9kvezet\u0151re b\u00edzta a k\u00e9t szt\u00e1rcsapat meccs\u00e9t, b\u00edzva abban, hogy Palotai tekint\u00e9lye rendet tart majd a p\u00e1ly\u00e1n.<\/p>\n<p>Ez be is igazol\u00f3dott, Palotai \u00e9s seg\u00edt\u0151i, K\u0151r\u00f6s L\u00e1szl\u00f3 \u00e9s Kuti S\u00e1ndor v\u00e9gig k\u00e9zben tartott\u00e1k a meccset, amit a Liverpool Alan Kennedy k\u00e9sei g\u00f3lj\u00e1val 1-0-ra megnyert. A lef\u00faj\u00e1s ut\u00e1n az UEFA olasz eln\u00f6ke, Artemio Franchi egyenesen a mez\u0151ny legjobbj\u00e1nak nevezte a magyar b\u00edr\u00f3t, aki egy-egy s\u00e1rga lap kioszt\u00e1s\u00e1val kord\u00e1ban tudta tartani az indulatokat. Palotai a N\u00e9psportnak \u00fagy \u00e9rt\u00e9kelt, hogy a d\u00f6nt\u0151 \u201esportszer\u0171 keretek k\u00f6z\u00f6tt zajlott le, de az els\u0151 f\u00e9lid\u0151ben egy-k\u00e9t esetn\u00e9l idegesebb volt a hangulat, mint \u00f6t \u00e9vvel ezel\u0151tt Glasgow-ban\u201d. \u201eSz\u00e1momra nem is a csapatvezet\u0151k fontosak, hanem az, hogy az utols\u00f3 f\u00fcttysz\u00f3 ut\u00e1n a k\u00e9t csapat valamennyi tagja m\u00e9g a p\u00e1ly\u00e1n odaj\u00f6tt megk\u00f6sz\u00f6nni a m\u00e9rk\u0151z\u00e9st\u201d \u2013 mondta.<\/p>\n<p>Puhl S\u00e1ndor<\/p>\n<p>Palotai ut\u00e1n a magyar j\u00e1t\u00e9kvezet\u00e9s k\u00f6vetkez\u0151 nagy alakja a miskolci sz\u00fclet\u00e9s\u0171 <a href=\"https:\/\/telex.hu\/sport\/2021\/05\/20\/puhl-sandor-halalhir-mlsz\" class=\"\" rel=\"nofollow noopener\" target=\"_blank\">Puhl S\u00e1ndor<\/a> volt, aki a szam\u00e1rl\u00e9tr\u00e1t v\u00e9gigj\u00e1rva a szakma abszol\u00fat cs\u00facs\u00e1ra is fel\u00e9rt: az 1994-es amerikai vil\u00e1gbajnoks\u00e1gon \u0151 vezethette a Braz\u00edlia-Olaszorsz\u00e1g d\u00f6nt\u0151t. A h\u00edrek szerint Palotai K\u00e1rolynak \u2013 aki akkoriban a FIFA J\u00e1t\u00e9kvezet\u0151 Bizotts\u00e1g\u00e1nak volt a tagja \u2013 nagy szerepe volt abban, hogy Puhl kapta meg a torna legfontosabb m\u00e9rk\u0151z\u00e9s\u00e9t.<\/p>\n<p>A kilencvenes \u00e9vekben Puhl S\u00e1ndor volt az abszol\u00fat m\u00e9lyponton l\u00e9v\u0151 magyar futball egyetlen vil\u00e1gsz\u00ednvonal\u00fa k\u00e9pvisel\u0151je.<\/p>\n<p>A labdar\u00fag\u00e1s t\u00f6rt\u00e9net\u00e9vel \u00e9s statisztik\u00e1ival foglalkoz\u00f3 <a href=\"https:\/\/www.iffhs.com\/awards\/1\" target=\"_blank\" rel=\"nofollow noopener\">IFFHS<\/a> 1994 \u00e9s 1997 k\u00f6z\u00f6tt zsin\u00f3rban n\u00e9gyszer v\u00e1lasztotta meg \u0151t a vil\u00e1g legjobb j\u00e1t\u00e9kvezet\u0151j\u00e9nek. N\u00e1la t\u00f6bbsz\u00f6r csak a legend\u00e1s olasz Pierluigi Collina kapta meg ezt az elismer\u00e9st.<\/p>\n<p>A brazil-olasz vb-d\u00f6nt\u0151 mellett az 1997-es Borussia Dortmund-Juventus Bajnokok Lig\u00e1ja-d\u00f6nt\u0151 volt Puhl karrierj\u00e9nek m\u00e1sik cs\u00facspontja, amit \u00e1lland\u00f3 partjelz\u0151ivel, Hamar L\u00e1szl\u00f3val \u00e9s a k\u00e9s\u0151bbi MLSZ-eln\u00f6k Boz\u00f3ky Imr\u00e9vel vezetett le. A m\u00fcncheni Olimpiai-stadionban rendezett fin\u00e1l\u00e9ban az el\u0151zetesen es\u00e9lytelenebbnek tartott Dortmund 3-1-re legy\u0151zte a Juventust, ahol akkoriban olyan szt\u00e1rok j\u00e1tszottak, mint Zinedine Zidane, Alessandro Del Piero \u00e9s Christian Vieri.<\/p>\n<p>Ahogy D\u00e9nes Tam\u00e1s \u00e9s Pongr\u00e1cz Gy\u00f6rgy B\u00edr\u00f3kir\u00e1lyok c\u00edm\u0171 k\u00f6nyve felid\u00e9zi, j\u00e1t\u00e9kvezet\u0151i szempontb\u00f3l nem volt ez k\u00f6nny\u0171 m\u00e9rk\u0151z\u00e9s. A vesztes olaszok magukb\u00f3l kikelve kritiz\u00e1lt\u00e1k Puhl\u00e9kat, de a videofelv\u00e9telek \u0151ket igazolt\u00e1k: minden vitatott helyzetben a j\u00f3 d\u00f6nt\u00e9st hozt\u00e1k, m\u00e9g akkor is, amikor Karl-Heinz Riedle els\u0151 g\u00f3lj\u00e1n\u00e1l Puhl fel\u00fclb\u00edr\u00e1lta a t\u00e9vesen lest int\u0151 Boz\u00f3kyt.<\/p>\n<p><img decoding=\"async\" src=\"https:\/\/www.europesays.com\/hu\/wp-content\/uploads\/2026\/05\/1778942467-temp-nhuc5omikcoi2iameml_cikktorzs:xl.jpg\"  loading=\"lazy\" alt=\"Puhl S\u00e1ndor \u00e9s a k\u00e9t csapatkapit\u00e1ny, Matthias Sammer \u00e9s Angelo Peruzzi a Borussia Dortmund-Juventus Bajnokok Lig\u00e1ja-d\u00f6nt\u0151 el\u0151tt \u2013 Fot\u00f3: Oliver Behrendt \/ Ullstein Bild \/ Getty Images\" class=\"placeholder_\"\/><\/p>\n<p>Puhl S\u00e1ndor \u00e9s a k\u00e9t csapatkapit\u00e1ny, Matthias Sammer \u00e9s Angelo Peruzzi a Borussia Dortmund-Juventus Bajnokok Lig\u00e1ja-d\u00f6nt\u0151 el\u0151tt \u2013 Fot\u00f3: Oliver Behrendt \/ Ullstein Bild \/ Getty Images<\/p>\n<p>\u201eAz UEFA eln\u00f6ke, f\u0151titk\u00e1ra, a j\u00e1t\u00e9kvezet\u0151i bizotts\u00e1g els\u0151 embere gratul\u00e1lt a teljes\u00edtm\u00e9nyemhez, \u00e9s minimum jelz\u00e9s\u00e9rt\u00e9k\u0171, hogy a Juventus j\u00e1t\u00e9kosai, Peruzzit\u00f3l Del Pier\u00f3ig, mind-mind odaj\u00f6ttek kezet fogni a m\u00e9rk\u0151z\u00e9s ut\u00e1n. Ami a vitatott szitu\u00e1ci\u00f3kat illeti, visszan\u00e9zve egy\u00e9rtelm\u0171, hogy Riedle els\u0151 g\u00f3lja el\u0151tt Kohler \u00e1llt lesen, teh\u00e1t j\u00f3l d\u00f6nt\u00f6ttem, amikor fel\u00fclb\u00edr\u00e1ltam a dokit, azt pedig k\u00f6zelr\u0151l l\u00e1ttam, hogy Jugovics kezezett, miel\u0151tt a h\u00e1l\u00f3ba tal\u00e1lt volna. El\u00e1julva nem vagyok magamt\u00f3l, a lelkiismeretem azonban tiszta, borzaszt\u00f3an fesz\u00fclt l\u00e9gk\u00f6r\u0171 tal\u00e1lkoz\u00f3 volt, s j\u00f3l j\u00f6ttem ki bel\u0151le. Megjegyzem: hib\u00e1tlanul m\u00e9g nem vezettem egy meccset sem, de ez egy olyan szakma, hogy tudom: soha nem is fogok\u201d \u2013 nyilatkozta Puhl a d\u00f6nt\u0151 ut\u00e1n.<\/p>\n<p>Kassai Viktor<\/p>\n<p>1997 ut\u00e1n t\u00f6bb mint egy \u00e9vtizednek kellett eltelnie ahhoz, hogy \u00fajra magyar j\u00e1t\u00e9kvezet\u0151 kapja meg a Bajnokok Lig\u00e1ja-d\u00f6nt\u0151 levezet\u00e9s\u00e9nek feladat\u00e1t. A tatab\u00e1nyai <a href=\"https:\/\/telex.hu\/sport\/2022\/06\/17\/kassai-viktor-szofia-bulgaria-munka-magyar-jatekvezetes-biro\" class=\"\" rel=\"nofollow noopener\" target=\"_blank\">Kassai Viktor<\/a> 15 \u00e9ves volt, amikor 1990-ben letette a j\u00e1t\u00e9kvezet\u0151i vizsg\u00e1t. Ezzel apja, Kassai Istv\u00e1n p\u00e9ld\u00e1j\u00e1t k\u00f6vette, aki egykor az NB III.-ig vitte b\u00edr\u00f3k\u00e9nt. Kassai Viktor a k\u00e9tezres \u00e9vek m\u00e1sodik fel\u00e9ben kezdett el kiemelkedni a hazai mez\u0151nyb\u0151l, \u00e9s v\u00e1lt az els\u0151 sz\u00e1m\u00fa magyar j\u00e1t\u00e9kvezet\u0151v\u00e9. A 2008-as pekingi olimpi\u00e1n hiba n\u00e9lk\u00fcl vezette az Argent\u00edna-Nig\u00e9ria (1-0) d\u00f6nt\u0151t, majd a 2010-es d\u00e9l-afrikai vil\u00e1gbajnoks\u00e1gon is v\u00e9gig j\u00f3 teljes\u00edtm\u00e9nyt ny\u00fajtott.<\/p>\n<p>Ilyen el\u0151zm\u00e9nyek ut\u00e1n nem volt v\u00e1ratlan, hogy az UEFA j\u00e1t\u00e9kvezet\u0151i bizotts\u00e1ga a 35 \u00e9ves Kassait jel\u00f6lte ki a 2011-es Barcelona-Manchester United BL-d\u00f6nt\u0151 levezet\u00e9s\u00e9re.<\/p>\n<p>Ezzel \u0151 lett a BL-t\u00f6rt\u00e9net\u00e9nek legfiatalabb j\u00e1t\u00e9kvezet\u0151je, aki d\u00f6nt\u0151t vezethetett.<\/p>\n<p>A londoni Wembley-stadionban, k\u00f6zel 90 ezer n\u00e9z\u0151 el\u0151tt rendezett meccsen Pep Guardiola cs\u00facson l\u00e9v\u0151 Barcelon\u00e1ja es\u00e9lyt sem adott Sir Alex Ferguson Unitedj\u00e9nek, f\u00f6l\u00e9nyes j\u00e1t\u00e9kkal 3-1-re nyertek. A magyar b\u00edr\u00f3k teljes\u00edtm\u00e9ny\u00e9t m\u00e9g az angol sajt\u00f3 is dics\u00e9rte, \u00e9s semmi kivetnival\u00f3t nem tal\u00e1ltak a d\u00f6nt\u00e9seikben.<\/p>\n<p><img decoding=\"async\" src=\"https:\/\/www.europesays.com\/hu\/wp-content\/uploads\/2026\/05\/1778940537-temp-nb45ipe4bcep7alchme_cikktorzs:xl.jpg\"  loading=\"lazy\" alt=\"Kassai Viktor s\u00e1rga lapot mutat fel Dani Alvesnek a Barcelona-Manchester United Bajnokok Lig\u00e1ja-d\u00f6nt\u0151n 2011. m\u00e1jus 28-\u00e1n, Londonban \u2013 Fot\u00f3: Richard Sellers \/Allstar \/ Getty Images\" class=\"placeholder_\"\/><\/p>\n<p>Kassai Viktor s\u00e1rga lapot mutat fel Dani Alvesnek a Barcelona-Manchester United Bajnokok Lig\u00e1ja-d\u00f6nt\u0151n 2011. m\u00e1jus 28-\u00e1n, Londonban \u2013 Fot\u00f3: Richard Sellers \/Allstar \/ Getty Images<\/p>\n<p>Kassai munk\u00e1j\u00e1t asszisztensk\u00e9nt Er\u0151s G\u00e1bor \u00e9s Ring Gy\u00f6rgy, alapvonali j\u00e1t\u00e9kvezet\u0151k\u00e9nt F\u00e1bi\u00e1n Mih\u00e1ly \u00e9s Bogn\u00e1r Tam\u00e1s, negyedik j\u00e1t\u00e9kvezet\u0151k\u00e9nt pedig Vad II Istv\u00e1n seg\u00edtette ezen a meccsen. \u00c9v v\u00e9g\u00e9n az IFFHS Kassait v\u00e1lasztotta az \u00e9v legjobb j\u00e1t\u00e9kvezet\u0151j\u00e9nek. Amikor 2019. december 11-\u00e9n Kassai lef\u00fajta az Atl\u00e9tico Madrid-Lokomotiv Moszkva BL-csoportmeccset, val\u00f3sz\u00edn\u0171leg kevesen gondolt\u00e1k volna, hogy hossz\u00fa ideig ez lesz az utols\u00f3 m\u00e9rk\u0151z\u00e9s a Bajnokok Lig\u00e1j\u00e1ban, amit magyar j\u00e1t\u00e9kvezet\u0151 vezetett.<\/p>\n<p>Kov\u00e1cs Istv\u00e1n<\/p>\n<p>Egy ilyen cikkben mindenk\u00e9pp eml\u00edt\u00e9st \u00e9rdemel <a href=\"https:\/\/telex.hu\/sport\/2025\/05\/12\/kovacs-istvan-bajnokok-ligaja-donto\" class=\"\" rel=\"nofollow noopener\" target=\"_blank\">a nagyk\u00e1rolyi sz\u00fclet\u00e9s\u0171 Kov\u00e1cs Istv\u00e1n<\/a>, aki a rom\u00e1n futballsz\u00f6vets\u00e9get k\u00e9pviselve jutott el az elit j\u00e1t\u00e9kvezet\u0151k lig\u00e1j\u00e1ba. 2022-ben \u0151 vezette <a href=\"https:\/\/telex.hu\/sport\/2022\/05\/25\/futball-konferencia-liga-roma-feyenoord-mourinho\" class=\"\" rel=\"nofollow noopener\" target=\"_blank\">a legels\u0151 Konferencia Liga-d\u00f6nt\u0151t<\/a> az AS Roma \u00e9s a Feyenoord k\u00f6z\u00f6tt (1-0). K\u00e9t \u00e9vvel k\u00e9s\u0151bb az <a href=\"https:\/\/telex.hu\/sport\/2024\/05\/22\/atalanta-leverkusen-europa-liga-donto\" class=\"\" rel=\"nofollow noopener\" target=\"_blank\">Atalanta-Bayer Leverkusen Eur\u00f3pa-liga-d\u00f6nt\u0151ben<\/a> (3-0) b\u00edr\u00e1skodott, tavaly pedig minden id\u0151k legsim\u00e1bb BL-d\u00f6nt\u0151j\u00e9t vezette, ahol a <a href=\"https:\/\/telex.hu\/sport\/2025\/05\/31\/bajnokok-ligaja-psg-inter-donto\" class=\"\" rel=\"nofollow noopener\" target=\"_blank\">Paris Saint-Germain 5-0-ra ki\u00fct\u00f6tte az Intert<\/a>. Kov\u00e1cs p\u00e1lyafut\u00e1s\u00e1b\u00f3l \u00edgy m\u00e1r csak egy nagy v\u00e1logatott torna fin\u00e1l\u00e9ja hi\u00e1nyzik. Nem kiz\u00e1rt, hogy hamarosan ezt is kipip\u00e1lhatja, ugyanis \u0151 is tagja a k\u00f6zelg\u0151 vil\u00e1gbajnoks\u00e1g j\u00e1t\u00e9kvezet\u0151i keret\u00e9nek.<\/p>\n<p><a href=\"https:\/\/telex.hu\/cimke\/bl-sztorik\" class=\"\" rel=\"nofollow noopener\" target=\"_blank\">A sorozat kor\u00e1bbi r\u00e9szeit itt tudja megn\u00e9zni.<\/a><\/p>\n","protected":false},"excerpt":{"rendered":"A magyar j\u00e1t\u00e9kvezet\u00e9s mostan\u00e1ban nem a legszebb napjait \u00e9li, jelenleg nincs a legmagasabb szinten jegyzett j\u00e1t\u00e9kvezet\u0151nk. Emiatt id\u00e9n&hellip;\n","protected":false},"author":2,"featured_media":104120,"comment_status":"","ping_status":"","sticky":false,"template":"","format":"standard","meta":{"footnotes":"","_share_on_mastodon":"0"},"categories":[14],"tags":[1812,31692,553,44,42,40,11434,34716,6494,43,41,34717,34715,45,131],"class_list":["post-104252","post","type-post","status-publish","format-standard","has-post-thumbnail","category-sport","tag-bajnokok-ligaja","tag-bl-sztorik","tag-futball","tag-hu","tag-hungarian","tag-hungary","tag-jatekvezeto","tag-kassai-viktor","tag-kovacs-istvan","tag-magyar","tag-magyarorszag","tag-palotai-karoly","tag-puhl-sandor","tag-sport","tag-sports"],"share_on_mastodon":{"url":"https:\/\/pubeurope.com\/@hu\/116594414883830569","error":""},"_links":{"self":[{"href":"https:\/\/www.europesays.com\/hu\/wp-json\/wp\/v2\/posts\/104252","targetHints":{"allow":["GET"]}}],"collection":[{"href":"https:\/\/www.europesays.com\/hu\/wp-json\/wp\/v2\/posts"}],"about":[{"href":"https:\/\/www.europesays.com\/hu\/wp-json\/wp\/v2\/types\/post"}],"author":[{"embeddable":true,"href":"https:\/\/www.europesays.com\/hu\/wp-json\/wp\/v2\/users\/2"}],"replies":[{"embeddable":true,"href":"https:\/\/www.europesays.com\/hu\/wp-json\/wp\/v2\/comments?post=104252"}],"version-history":[{"count":0,"href":"https:\/\/www.europesays.com\/hu\/wp-json\/wp\/v2\/posts\/104252\/revisions"}],"wp:featuredmedia":[{"embeddable":true,"href":"https:\/\/www.europesays.com\/hu\/wp-json\/wp\/v2\/media\/104120"}],"wp:attachment":[{"href":"https:\/\/www.europesays.com\/hu\/wp-json\/wp\/v2\/media?parent=104252"}],"wp:term":[{"taxonomy":"category","embeddable":true,"href":"https:\/\/www.europesays.com\/hu\/wp-json\/wp\/v2\/categories?post=104252"},{"taxonomy":"post_tag","embeddable":true,"href":"https:\/\/www.europesays.com\/hu\/wp-json\/wp\/v2\/tags?post=104252"}],"curies":[{"name":"wp","href":"https:\/\/api.w.org\/{rel}","templated":true}]}}