{"id":104443,"date":"2026-05-18T10:10:08","date_gmt":"2026-05-18T10:10:08","guid":{"rendered":"https:\/\/www.europesays.com\/hu\/104443\/"},"modified":"2026-05-18T10:10:08","modified_gmt":"2026-05-18T10:10:08","slug":"tul-sok-ment-zsebre-a-fejlesztesekben-uszo-osjobboldali-varosnak-is-elege-lett-a-fideszbol","status":"publish","type":"post","link":"https:\/\/www.europesays.com\/hu\/104443\/","title":{"rendered":"&#8222;T\u00fal sok ment zsebre&#8221; \u2013 a fejleszt\u00e9sekben \u00fasz\u00f3, \u0151sjobboldali v\u00e1rosnak is elege lett a Fideszb\u0151l"},"content":{"rendered":"<p>\u00a0Mindegy, hogy ki lesz, \u00edgy se lesz j\u00f3, \u00fagy se lesz j\u00f3. Minden politikus j\u00e1tszik zsebre<\/p>\n<p>\u2013 mondja lemond\u00f3an egy tereptarka sapk\u00e1s f\u00e9rfi a moh\u00e1csi piacon, amikor arr\u00f3l k\u00e9rdezz\u00fck, mit sz\u00f3l ahhoz, hogy \u00e1prilis 12-\u00e9n \u2013 28 \u00e9v ut\u00e1n \u2013 vesz\u00edtett a Fidesz a Moh\u00e1cson \u00e9s k\u00f6rny\u00e9k\u00e9n. T\u00f6bb mint sz\u00e1z telep\u00fcl\u00e9s tartozik a k\u00f6rzethez, k\u00f6zt\u00fck sz\u00e9p sz\u00e1mmal 500 f\u0151sn\u00e9l kisebb apr\u00f3falvak, r\u00e1ad\u00e1sul a 15 ezres Moh\u00e1cs b\u00fcszke jobboldali v\u00e1ros, ahol baloldali politikust csak akkor v\u00e1lasztottak meg, amikor sz\u00f3 szerint nem volt m\u00e1s jel\u00f6lt. Magyarorsz\u00e1g azonban nemcsak korm\u00e1nyt, hanem rendszert is v\u00e1ltott, \u00edgy a t\u00e1ntor\u00edthatatlanul fideszesnek gondolt Baranya megyei 3-as v\u00e1laszt\u00f3ker\u00fclet is \u00e1tfordult.<\/p>\n<p>A piaci \u00fczletsoron vagyunk, ahol egy ruha\u00e1llv\u00e1nyt t\u00e1maszt\u00f3 nyugd\u00edjas asszony elmondja, nem sz\u00e1m\u00edtott k\u00f6nny\u0171 sikerre. \u0150 mindig is balos volt egy nagyon fideszes v\u00e1rosban. 1998 \u00f3ta el\u0151sz\u00f6r \u00fct\u00f6tt\u00e9k ki a hatalomb\u00f3l a KDNP-s Hargitai J\u00e1nost. Legy\u0151z\u0151je, a tisz\u00e1s R\u00f3zsahegyi \u00c1ron a v\u00e1rosban \u00e9l, ismerik az emberek, r\u00e1ad\u00e1sul \u00e9jt nappall\u00e1 t\u00e9ve kamp\u00e1nyolt, a piacon is gyakran megfordult. Az asszony szerint Hargitait az emberek az ut\u00f3bbi id\u0151ben m\u00e1r nem nagyon szerett\u00e9k: az \u00e9vtizedes politiz\u00e1l\u00e1s miatt t\u00fal sok \u00fcgy tapadt a nev\u00e9hez, hasonl\u00f3an a m\u00e1sik helyi fideszes er\u0151s emberhez, a nagypolitik\u00e1b\u00f3l a k\u00e9tharmados bukta ut\u00e1n kicsekkol\u00f3 B\u00e1nki Erikhez, akinek<\/p>\n<p>nem volt semmije, csak egy st\u00e9gje, most meg milli\u00e1rdos.<\/p>\n<p>A f\u00e9rj\u00e9vel egy\u00fctt viszik a ruhabutikot. K\u00e9nytelenek dolgozni, hogy r\u00e1pakoljanak valamennyit a nyugd\u00edjra, ami \u201enekem 129, a pap\u00e1nak 120 ezer.\u201d Mindketten a v\u00e1ltoz\u00e1sra szavaztak, a l\u00e1nyuk sok helyi fiatallal egyetemben k\u00fclf\u00f6ld\u00f6n, Angli\u00e1ban kezdett \u00faj \u00e9letet. \u0150 l\u00e1tta el az emigr\u00e1ci\u00f3b\u00f3l h\u00edrekkel a sz\u00fcleit a NER-es botr\u00e1nyokr\u00f3l, \u00e9s azt mondta, am\u00edg Orb\u00e1n Viktor van, nem j\u00f6n haza. Tal\u00e1n most.<\/p>\n<p><img loading=\"lazy\" decoding=\"async\" class=\"aligncenter size-full wp-image-4706937\" src=\"https:\/\/www.europesays.com\/hu\/wp-content\/uploads\/2026\/05\/central-1098136032.jpg\" alt=\"\" width=\"3000\" height=\"2000\" title=\"\u201eT\u00fal sok ment zsebre\u201d \u2013 a fejleszt\u00e9sekben \u00fasz\u00f3, \u0151sjobboldali v\u00e1rosnak is elege lett a Fideszb\u0151l 1\"  \/>Adri\u00e1n Zolt\u00e1n \/ 24.hu<\/p>\n<p>A riport elej\u00e9n id\u00e9zett f\u00e9rfi a mez\u0151gazdas\u00e1gban dolgozik a szomsz\u00e9doson B\u00f3lyon, de arr\u00f3l, hogy milyen az \u00e9let errefel\u00e9, nem akar nyilatkozni, sz\u00e9pet \u00fagysem tudna mondani. Nem osztozik a tisz\u00e1s boltos optimizmus\u00e1ban sem:<\/p>\n","protected":false},"excerpt":{"rendered":"\u00a0Mindegy, hogy ki lesz, \u00edgy se lesz j\u00f3, \u00fagy se lesz j\u00f3. Minden politikus j\u00e1tszik zsebre \u2013 mondja&hellip;\n","protected":false},"author":2,"featured_media":104444,"comment_status":"","ping_status":"","sticky":false,"template":"","format":"standard","meta":{"footnotes":"","_share_on_mastodon":"0"},"categories":[6],"tags":[34787,44,42,40,43,41,24451,8679,34788],"class_list":["post-104443","post","type-post","status-publish","format-standard","has-post-thumbnail","category-magyarorszag","tag-hargitai-janos","tag-hu","tag-hungarian","tag-hungary","tag-magyar","tag-magyarorszag","tag-mohacs","tag-riport","tag-rozsahegyi-aron"],"share_on_mastodon":{"url":"https:\/\/pubeurope.com\/@hu\/116595040547110482","error":""},"_links":{"self":[{"href":"https:\/\/www.europesays.com\/hu\/wp-json\/wp\/v2\/posts\/104443","targetHints":{"allow":["GET"]}}],"collection":[{"href":"https:\/\/www.europesays.com\/hu\/wp-json\/wp\/v2\/posts"}],"about":[{"href":"https:\/\/www.europesays.com\/hu\/wp-json\/wp\/v2\/types\/post"}],"author":[{"embeddable":true,"href":"https:\/\/www.europesays.com\/hu\/wp-json\/wp\/v2\/users\/2"}],"replies":[{"embeddable":true,"href":"https:\/\/www.europesays.com\/hu\/wp-json\/wp\/v2\/comments?post=104443"}],"version-history":[{"count":0,"href":"https:\/\/www.europesays.com\/hu\/wp-json\/wp\/v2\/posts\/104443\/revisions"}],"wp:featuredmedia":[{"embeddable":true,"href":"https:\/\/www.europesays.com\/hu\/wp-json\/wp\/v2\/media\/104444"}],"wp:attachment":[{"href":"https:\/\/www.europesays.com\/hu\/wp-json\/wp\/v2\/media?parent=104443"}],"wp:term":[{"taxonomy":"category","embeddable":true,"href":"https:\/\/www.europesays.com\/hu\/wp-json\/wp\/v2\/categories?post=104443"},{"taxonomy":"post_tag","embeddable":true,"href":"https:\/\/www.europesays.com\/hu\/wp-json\/wp\/v2\/tags?post=104443"}],"curies":[{"name":"wp","href":"https:\/\/api.w.org\/{rel}","templated":true}]}}