{"id":10616,"date":"2026-02-28T18:04:12","date_gmt":"2026-02-28T18:04:12","guid":{"rendered":"https:\/\/www.europesays.com\/hu\/10616\/"},"modified":"2026-02-28T18:04:12","modified_gmt":"2026-02-28T18:04:12","slug":"tiz-ev-utan-csapatot-valtott-a-kispesti-sztar","status":"publish","type":"post","link":"https:\/\/www.europesays.com\/hu\/10616\/","title":{"rendered":"T\u00edz \u00e9v ut\u00e1n csapatot v\u00e1ltott a kispesti szt\u00e1r"},"content":{"rendered":"<p class=\"strong\">Egy kulisszatitkot is el\u00e1rult eddigi klubja.<\/p>\n<p>Marics Peti karrierj\u00e9ben \u00faj fejezet kezd\u0151dik \u2013 ezt eddigi klubja, a Hern\u00e1di FKSE jelentette be p\u00e9nteken a Facebookon.<\/p>\n<p>A poszt szerint a ValMar nev\u0171 zenekar frontembere 10 \u00e9v ut\u00e1n t\u00e1vozik a hern\u00e1diakt\u00f3l. Az is kider\u00fcl a bejegyz\u00e9sb\u0151l, hogy Marics \u00faj csapata a Palota SE lett. A hern\u00e1diak kiemelik, hogy Marics az elm\u00falt 10 \u00e9vben v\u00e9gig kitartott mellett\u00fck, b\u00e1r \u0151k ezt csak 1 m\u00e9rk\u0151z\u00e9ssel tudt\u00e1k megh\u00e1l\u00e1lni.<\/p>\n<p>\u00c1ll\u00edt\u00f3lag a ValMar egyik sl\u00e1gere is a kispesti k\u00f6t\u0151d\u00e9s\u0171 Marics hern\u00e1di id\u0151szak\u00e1ban j\u00f6tt l\u00e9tre.<\/p>\n<p>\u201eKevesen tudj\u00e1k, de a \u201cKi ez a l\u00e1ny?\u201d c\u00edm\u0171 sl\u00e1ger is Hern\u00e1dhoz kapcsol\u00f3dik, egy edz\u00e9s ut\u00e1ni k\u00f6z\u00f6s tusol\u00e1skor kezdte el d\u00fadolni Peti, b\u00e1r a jogd\u00edjakb\u00f3l mi nem r\u00e9szes\u00fclt\u00fcnk\u2026\u201d \u2013 \u00edrta viccesen a bejegyz\u00e9s\u00e9ben a Hern\u00e1d FKSE.<\/p>\n<p>Bor\u00edt\u00f3k\u00e9p forr\u00e1sa: Hern\u00e1di FKSE\/Facebook<\/p>\n","protected":false},"excerpt":{"rendered":"Egy kulisszatitkot is el\u00e1rult eddigi klubja. Marics Peti karrierj\u00e9ben \u00faj fejezet kezd\u0151dik \u2013 ezt eddigi klubja, a Hern\u00e1di&hellip;\n","protected":false},"author":2,"featured_media":10617,"comment_status":"","ping_status":"","sticky":false,"template":"","format":"standard","meta":{"footnotes":"","_share_on_mastodon":"0"},"categories":[14],"tags":[6838,6839,44,42,40,43,41,6840,6841,45,131],"class_list":["post-10616","post","type-post","status-publish","format-standard","has-post-thumbnail","category-sport","tag-atigazolasi-hirek","tag-hernad","tag-hu","tag-hungarian","tag-hungary","tag-magyar","tag-magyarorszag","tag-marics-peti","tag-palota-se","tag-sport","tag-sports"],"share_on_mastodon":{"url":"","error":""},"_links":{"self":[{"href":"https:\/\/www.europesays.com\/hu\/wp-json\/wp\/v2\/posts\/10616","targetHints":{"allow":["GET"]}}],"collection":[{"href":"https:\/\/www.europesays.com\/hu\/wp-json\/wp\/v2\/posts"}],"about":[{"href":"https:\/\/www.europesays.com\/hu\/wp-json\/wp\/v2\/types\/post"}],"author":[{"embeddable":true,"href":"https:\/\/www.europesays.com\/hu\/wp-json\/wp\/v2\/users\/2"}],"replies":[{"embeddable":true,"href":"https:\/\/www.europesays.com\/hu\/wp-json\/wp\/v2\/comments?post=10616"}],"version-history":[{"count":0,"href":"https:\/\/www.europesays.com\/hu\/wp-json\/wp\/v2\/posts\/10616\/revisions"}],"wp:featuredmedia":[{"embeddable":true,"href":"https:\/\/www.europesays.com\/hu\/wp-json\/wp\/v2\/media\/10617"}],"wp:attachment":[{"href":"https:\/\/www.europesays.com\/hu\/wp-json\/wp\/v2\/media?parent=10616"}],"wp:term":[{"taxonomy":"category","embeddable":true,"href":"https:\/\/www.europesays.com\/hu\/wp-json\/wp\/v2\/categories?post=10616"},{"taxonomy":"post_tag","embeddable":true,"href":"https:\/\/www.europesays.com\/hu\/wp-json\/wp\/v2\/tags?post=10616"}],"curies":[{"name":"wp","href":"https:\/\/api.w.org\/{rel}","templated":true}]}}